{"id":4120,"date":"2023-03-28T16:06:58","date_gmt":"2023-03-28T20:06:58","guid":{"rendered":"https:\/\/culturalpr.com\/notas\/?p=4120"},"modified":"2025-03-21T16:42:28","modified_gmt":"2025-03-21T20:42:28","slug":"teatro-victoria-espinosa","status":"publish","type":"post","link":"https:\/\/culturalpr.com\/notas\/teatro-victoria-espinosa\/","title":{"rendered":"Teatro Victoria Espinosa"},"content":{"rendered":"<p><b style=\"font-family: inherit; font-style: inherit;\">\u00a0\u00a0<\/b>El Teatro Victoria Espinosa, ubicado en el hist\u00f3rico barrio de Santurce en Puerto Rico, emerge como un \u00edcono cultural de las artes esc\u00e9nicas puertorrique\u00f1as. Adquirido por el Instituto de Cultura Puertorrique\u00f1a en el 1987, es el fruto de la restauraci\u00f3n de la antigua sala Music Hall, localizada en la Calle del Parque del Municipio de San Juan.<\/p>\n<p>A principios de la d\u00e9cada de 1950, se construy\u00f3 el Teatro Music Hall en el terreno aleda\u00f1o al Teatro Matienzo, hoy Teatro Francisco Arriv\u00ed en Santurce. Inicialmente, el Teatro estuvo orientado a estrenos y repeticiones del cine norteamericano, para especializarse luego en cine y teatro infantil. La decadencia urbana y cultural de Santurce, causaron el cierre de estas salas a mediados de los a\u00f1os sesenta.<\/p>\n<p>En 1986, la Divisi\u00f3n de Teatro y Danza del Instituto de Cultura Puertorrique\u00f1a cre\u00f3 el Comit\u00e9 Pro Rescate de los Teatros Matienzo y Music Hall, presidido por la Dra. Victoria Espinosa. En el 1988, se consiguieron las primeras asignaciones de fondos para dar inicio al proceso de restauraci\u00f3n. Mediante la Ley 126 de 21 de julio de 2000, se dispuso que el Teatro Music Hall fuera designado como Sala de Teatro Experimental Victoria Espinosa. Tras muchos a\u00f1os de espera, el 18 de octubre de 2007, como parte del 43er Festival de Teatro Internacional se inaugur\u00f3 el Teatro Victoria Espinosa.<\/p>\n<figure><img decoding=\"async\" title=\"Dra Victoria Espinosa\" src=\"https:\/\/culturalpr.com\/notas\/wp-content\/uploads\/elementor\/thumbs\/Dra-Victoria-Espinosa-qlw7qodxxdvz11w7afdj5lhxd3bchuq7pnepva3bmo.png\" alt=\"Dra Victoria Espinosa\" \/><\/figure>\n<p><b>La sala fue dedicada a la Dra. Victoria Espinosa, en reconocimiento de su <\/b><br \/>\n<b>destacada labor docente y legado art\u00edstico a la cultura esc\u00e9nica puertorrique\u00f1a. <\/b><\/p>\n<p style=\"font-family: Montserrat, sans-serif; font-size: 14px; line-height: 1.74em; font-weight: 400; font-style: normal;\">\u00a0 El dise\u00f1o del teatro cautiva con su sencillo esplendor, siendo considerado una joya del patrimonio cultural de Puerto Rico. Es una sala de teatro experimental que cuenta con escenario, pantalla y proyector, honrando su pasado multifuncional como parte de la antigua avenida de cines.<\/p>\n<p style=\"font-family: Montserrat, sans-serif; font-size: 14px; line-height: 1.74em; font-weight: 400; font-style: normal;\">\u00a0 El Programa de Artes Esc\u00e9nico-Musicales del Instituto de Cultura Puertorrique\u00f1a ha convertido esta sala en un punto de encuentro para la comunidad santurcina, as\u00ed como para artistas y personalidades destacadas de la escena cultural puertorrique\u00f1a e internacional.<\/p>\n<p style=\"margin-bottom: 14px; font-family: Montserrat, sans-serif; font-size: 14px; line-height: 1.74em; font-weight: 400; font-style: normal;\">\u00a0 Hoy en d\u00eda, el Teatro Victoria Espinosa contin\u00faa siendo un espacio vibrante y vital para la cultura puertorrique\u00f1a, albergando una amplia gama de eventos culturales y art\u00edsticos que enriquecen la vida de la comunidad. Su legado perdura como un s\u00edmbolo de la pasi\u00f3n por las artes esc\u00e9nicas y del compromiso con la preservaci\u00f3n del patrimonio cultural de Puerto Rico.<\/p>\n<p><img fetchpriority=\"high\" decoding=\"async\" src=\"https:\/\/culturalpr.com\/notas\/wp-content\/uploads\/2024\/03\/Banner-GALERIA-1024x173.png\" sizes=\"(max-width: 1024px) 100vw, 1024px\" srcset=\"https:\/\/culturalpr.com\/notas\/wp-content\/uploads\/2024\/03\/Banner-GALERIA-1024x173.png 1024w, https:\/\/culturalpr.com\/notas\/wp-content\/uploads\/2024\/03\/Banner-GALERIA-300x51.png 300w, https:\/\/culturalpr.com\/notas\/wp-content\/uploads\/2024\/03\/Banner-GALERIA-768x130.png 768w, https:\/\/culturalpr.com\/notas\/wp-content\/uploads\/2024\/03\/Banner-GALERIA-370x63.png 370w, https:\/\/culturalpr.com\/notas\/wp-content\/uploads\/2024\/03\/Banner-GALERIA-760x129.png 760w, https:\/\/culturalpr.com\/notas\/wp-content\/uploads\/2024\/03\/Banner-GALERIA.png 1128w\" alt=\"Banner GALER\u00cdA\" width=\"1024\" height=\"173\" \/><br \/>\n<img decoding=\"async\" src=\"https:\/\/culturalpr.com\/notas\/wp-content\/uploads\/2024\/03\/Teatro-Vitoria-Espinosa-2-1024x577.png\" sizes=\"(max-width: 1024px) 100vw, 1024px\" srcset=\"https:\/\/culturalpr.com\/notas\/wp-content\/uploads\/2024\/03\/Teatro-Vitoria-Espinosa-2-1024x577.png 1024w, https:\/\/culturalpr.com\/notas\/wp-content\/uploads\/2024\/03\/Teatro-Vitoria-Espinosa-2-300x169.png 300w, https:\/\/culturalpr.com\/notas\/wp-content\/uploads\/2024\/03\/Teatro-Vitoria-Espinosa-2-768x433.png 768w, https:\/\/culturalpr.com\/notas\/wp-content\/uploads\/2024\/03\/Teatro-Vitoria-Espinosa-2-1536x865.png 1536w, https:\/\/culturalpr.com\/notas\/wp-content\/uploads\/2024\/03\/Teatro-Vitoria-Espinosa-2-370x208.png 370w, https:\/\/culturalpr.com\/notas\/wp-content\/uploads\/2024\/03\/Teatro-Vitoria-Espinosa-2-1170x658.png 1170w, https:\/\/culturalpr.com\/notas\/wp-content\/uploads\/2024\/03\/Teatro-Vitoria-Espinosa-2-770x434.png 770w, https:\/\/culturalpr.com\/notas\/wp-content\/uploads\/2024\/03\/Teatro-Vitoria-Espinosa-2-440x248.png 440w, https:\/\/culturalpr.com\/notas\/wp-content\/uploads\/2024\/03\/Teatro-Vitoria-Espinosa-2-760x428.png 760w, https:\/\/culturalpr.com\/notas\/wp-content\/uploads\/2024\/03\/Teatro-Vitoria-Espinosa-2-270x152.png 270w, https:\/\/culturalpr.com\/notas\/wp-content\/uploads\/2024\/03\/Teatro-Vitoria-Espinosa-2.png 1640w\" alt=\"Teatro Vitoria Espinosa 2\" width=\"1024\" height=\"577\" \/><\/p>\n<p>Im\u00e1genes del interior del Teatro Victoria Espinosa en Santurce.<\/p>\n<p><img decoding=\"async\" src=\"https:\/\/culturalpr.com\/notas\/wp-content\/uploads\/2024\/03\/Teatro-Vitoria-Espinosa-3-1024x577.png\" sizes=\"(max-width: 1024px) 100vw, 1024px\" srcset=\"https:\/\/culturalpr.com\/notas\/wp-content\/uploads\/2024\/03\/Teatro-Vitoria-Espinosa-3-1024x577.png 1024w, https:\/\/culturalpr.com\/notas\/wp-content\/uploads\/2024\/03\/Teatro-Vitoria-Espinosa-3-300x169.png 300w, https:\/\/culturalpr.com\/notas\/wp-content\/uploads\/2024\/03\/Teatro-Vitoria-Espinosa-3-768x433.png 768w, https:\/\/culturalpr.com\/notas\/wp-content\/uploads\/2024\/03\/Teatro-Vitoria-Espinosa-3-1536x865.png 1536w, https:\/\/culturalpr.com\/notas\/wp-content\/uploads\/2024\/03\/Teatro-Vitoria-Espinosa-3-370x208.png 370w, https:\/\/culturalpr.com\/notas\/wp-content\/uploads\/2024\/03\/Teatro-Vitoria-Espinosa-3-1170x658.png 1170w, https:\/\/culturalpr.com\/notas\/wp-content\/uploads\/2024\/03\/Teatro-Vitoria-Espinosa-3-770x434.png 770w, https:\/\/culturalpr.com\/notas\/wp-content\/uploads\/2024\/03\/Teatro-Vitoria-Espinosa-3-440x248.png 440w, https:\/\/culturalpr.com\/notas\/wp-content\/uploads\/2024\/03\/Teatro-Vitoria-Espinosa-3-760x428.png 760w, https:\/\/culturalpr.com\/notas\/wp-content\/uploads\/2024\/03\/Teatro-Vitoria-Espinosa-3-270x152.png 270w, https:\/\/culturalpr.com\/notas\/wp-content\/uploads\/2024\/03\/Teatro-Vitoria-Espinosa-3.png 1640w\" alt=\"\" width=\"1024\" height=\"577\" \/><br \/>\n<img loading=\"lazy\" decoding=\"async\" src=\"https:\/\/culturalpr.com\/notas\/wp-content\/uploads\/2024\/03\/Banner-FACILIDADES-1024x173.png\" sizes=\"(max-width: 1024px) 100vw, 1024px\" srcset=\"https:\/\/culturalpr.com\/notas\/wp-content\/uploads\/2024\/03\/Banner-FACILIDADES-1024x173.png 1024w, https:\/\/culturalpr.com\/notas\/wp-content\/uploads\/2024\/03\/Banner-FACILIDADES-300x51.png 300w, https:\/\/culturalpr.com\/notas\/wp-content\/uploads\/2024\/03\/Banner-FACILIDADES-768x130.png 768w, https:\/\/culturalpr.com\/notas\/wp-content\/uploads\/2024\/03\/Banner-FACILIDADES-370x63.png 370w, https:\/\/culturalpr.com\/notas\/wp-content\/uploads\/2024\/03\/Banner-FACILIDADES-760x129.png 760w, https:\/\/culturalpr.com\/notas\/wp-content\/uploads\/2024\/03\/Banner-FACILIDADES.png 1128w\" alt=\"\" width=\"1024\" height=\"173\" \/><\/p>\n<p style=\"font-family: Montserrat, sans-serif; font-size: 14px; line-height: 1.74em; font-weight: 400; font-style: normal;\">\ud83d\udccdUBICACI\u00d3N | Direcci\u00f3n\u00a0<strong style=\"font-family: Montserrat, sans-serif; font-size: 14px; font-style: normal; letter-spacing: 0px;\">&#8211;<\/strong>\u00a0Ave. Ponce de Le\u00f3n, Esquina Calle del Parque, parada 23, San Juan, Puerto Rico 00909<\/p>\n<p>\ud83d\udccd<strong style=\"font-family: Montserrat, sans-serif; font-size: 14px; font-style: normal;\">MAP<\/strong><strong style=\"font-family: Montserrat, sans-serif; font-size: 14px; font-style: normal;\">A &#8211;\u00a0<\/strong><a style=\"font-family: Montserrat, sans-serif; font-style: normal; font-weight: 400; background-color: #ffffff;\" href=\"https:\/\/maps.app.goo.gl\/EN76SQhbQeVNMF776\" target=\"_blank\" rel=\"nofollow noopener\">OPRIMA AQU\u00cd<\/a><\/p>\n<p>\ud83d\udc4d\u00a0<b>PROS &#8211; C\u00e1mara infra roja y espacio polivalente.<\/b><\/p>\n<p>\ud83d\udc4e\u00a0<b>CONTRAS &#8211; No tiene estacionamiento propio.\u00a0<\/b><\/p>\n<p>\u2705 Tipo de escenario &#8211; arena a dos lados<\/p>\n<p>\u2705 Cantidad de butacas\u00a0&#8211;\u00a0132 a un lado + 72 al otro lado =<b> 204<\/b><\/p>\n<p>\u2705\u00a0Pantalla y proyector<\/p>\n<p>\u2705\u00a0Tipo de escenario &#8211; arena a dos lados<\/p>\n<p>\u2705 Pantalla y proyector<\/p>\n<p>\u2705 Acceso directo para carga y descarga<\/p>\n<p>\u2705 6 camerinos, capacidad m\u00e1xima por camerino de 2 a 3 personas<\/p>\n<p>\u2705 T\u00e9cnicos disponibles por contrataci\u00f3n<\/p>\n<p>\u2705 Ujieres disponibles por contrataci\u00f3n<\/p>\n<p>\ud83d\udd32 No tiene estacionamiento<\/p>\n<p>\ud83d\udd32 No tiene foso o \u00e1rea para orquesta<\/p>\n<p>\ud83d\udd32 No tiene trampilla<\/p>\n<p><img loading=\"lazy\" decoding=\"async\" src=\"https:\/\/culturalpr.com\/notas\/wp-content\/uploads\/2024\/03\/Banner-Documentaciones-1024x173.png\" sizes=\"(max-width: 1024px) 100vw, 1024px\" srcset=\"https:\/\/culturalpr.com\/notas\/wp-content\/uploads\/2024\/03\/Banner-Documentaciones-1024x173.png 1024w, https:\/\/culturalpr.com\/notas\/wp-content\/uploads\/2024\/03\/Banner-Documentaciones-300x51.png 300w, https:\/\/culturalpr.com\/notas\/wp-content\/uploads\/2024\/03\/Banner-Documentaciones-768x130.png 768w, https:\/\/culturalpr.com\/notas\/wp-content\/uploads\/2024\/03\/Banner-Documentaciones-370x63.png 370w, https:\/\/culturalpr.com\/notas\/wp-content\/uploads\/2024\/03\/Banner-Documentaciones-760x129.png 760w, https:\/\/culturalpr.com\/notas\/wp-content\/uploads\/2024\/03\/Banner-Documentaciones.png 1128w\" alt=\"Banner Documentaciones\" width=\"1024\" height=\"173\" \/><\/p>\n<p>OPRIMA PARA DESCARGAR<\/p>\n<p>\u25b6\ufe0f\u00a0<a href=\"https:\/\/culturalpr.com\/notas\/wp-content\/uploads\/2024\/06\/Requisitos-de-Arrendamiento-Rev.624-Junio-2024.pdf\">Requisitos de arrendamiento<\/a><\/p>\n<p>\u25b6\ufe0f\u00a0<a style=\"background-color: #ffffff;\" href=\"https:\/\/culturalpr.com\/notas\/wp-content\/uploads\/2024\/03\/Plano-de-piso-Teatro-Victoria-Espinosa.pdf\" target=\"_blank\" rel=\"noopener\">Plano de piso<\/a><\/p>\n<p>\u25b6\ufe0f\u00a0<a style=\"background-color: #ffffff;\" href=\"https:\/\/culturalpr.com\/notas\/wp-content\/uploads\/2024\/03\/Butacas-del-Teatro-Victoria-Espinosa.pdf\" target=\"_blank\" rel=\"noopener\">Plano de butacas<\/a><\/p>\n<p>\u25b6\ufe0f\u00a0<a style=\"background-color: #ffffff;\" href=\"https:\/\/culturalpr.com\/notas\/wp-content\/uploads\/2024\/03\/Iluminacion-del-Teatro-Victoria-Espinosa.pdf\" target=\"_blank\" rel=\"noopener\">Plano de iluminaci\u00f3n<\/a><\/p>\n<p>\u25b6\ufe0f\u00a0<a style=\"background-color: #ffffff;\" href=\"https:\/\/culturalpr.com\/notas\/wp-content\/uploads\/2024\/03\/CANONES-DE-ARRENDAMIENTO-2023.pdf\" target=\"_blank\" rel=\"noopener\">C\u00e1nones de arrendamiento<\/a><\/p>\n<p>\u25b6\ufe0f\u00a0<a style=\"background-color: #ffffff;\" href=\"https:\/\/culturalpr.com\/notas\/wp-content\/uploads\/2024\/03\/Teatros-ICP-Solicitud-004.pdf\" target=\"_blank\" rel=\"noopener\">Solicitud de uso de teatro<\/a><\/p>\n<p>\u25b6\ufe0f\u00a0<a style=\"background-color: #ffffff;\" href=\"https:\/\/culturalpr.com\/notas\/wp-content\/uploads\/2024\/03\/A24-000Teatros-Borrador-ACUERDO-DE-USO-DE-INSTALACION.pdf\" target=\"_blank\" rel=\"noopener\">Borrador de acuerdo de uso<\/a><\/p>\n<p><img loading=\"lazy\" decoding=\"async\" src=\"https:\/\/culturalpr.com\/notas\/wp-content\/uploads\/2024\/03\/Banner-CONTACTOS-1024x173.png\" sizes=\"(max-width: 1024px) 100vw, 1024px\" srcset=\"https:\/\/culturalpr.com\/notas\/wp-content\/uploads\/2024\/03\/Banner-CONTACTOS-1024x173.png 1024w, https:\/\/culturalpr.com\/notas\/wp-content\/uploads\/2024\/03\/Banner-CONTACTOS-300x51.png 300w, https:\/\/culturalpr.com\/notas\/wp-content\/uploads\/2024\/03\/Banner-CONTACTOS-768x130.png 768w, https:\/\/culturalpr.com\/notas\/wp-content\/uploads\/2024\/03\/Banner-CONTACTOS-370x63.png 370w, https:\/\/culturalpr.com\/notas\/wp-content\/uploads\/2024\/03\/Banner-CONTACTOS-760x129.png 760w, https:\/\/culturalpr.com\/notas\/wp-content\/uploads\/2024\/03\/Banner-CONTACTOS.png 1128w\" alt=\"Banner CONTACTOS\" width=\"1024\" height=\"173\" \/><\/p>\n<p>HORARIO DE OPERACIONES<\/p>\n<p>L-V 7:30am a 11pm<\/p>\n<p>S-D 3:00pm a 10:30pm<\/p>\n<p>\ud83d\udcde 787-724-0700 ext.3000<\/p>\n<p>\u2709\ufe0f teatros@icp.pr.gov<\/p>\n<p><img loading=\"lazy\" decoding=\"async\" src=\"https:\/\/culturalpr.com\/notas\/wp-content\/uploads\/2024\/03\/Banner-EVENTOS-1024x173.png\" sizes=\"(max-width: 1024px) 100vw, 1024px\" srcset=\"https:\/\/culturalpr.com\/notas\/wp-content\/uploads\/2024\/03\/Banner-EVENTOS-1024x173.png 1024w, https:\/\/culturalpr.com\/notas\/wp-content\/uploads\/2024\/03\/Banner-EVENTOS-300x51.png 300w, https:\/\/culturalpr.com\/notas\/wp-content\/uploads\/2024\/03\/Banner-EVENTOS-768x130.png 768w, https:\/\/culturalpr.com\/notas\/wp-content\/uploads\/2024\/03\/Banner-EVENTOS-370x63.png 370w, https:\/\/culturalpr.com\/notas\/wp-content\/uploads\/2024\/03\/Banner-EVENTOS-760x129.png 760w, https:\/\/culturalpr.com\/notas\/wp-content\/uploads\/2024\/03\/Banner-EVENTOS.png 1128w\" alt=\"Banner EVENTOS\" width=\"1024\" height=\"173\" \/><\/p>\n<p><strong>Prometea Cansada<\/strong><br \/>\nAutor: Teresa Hern\u00e1ndez<br \/>\nFecha:<strong> 25-27 de marzo<\/strong><br \/>\nTeatro: Victoria Espinosa<br \/>\nFunciones generales: 25 y 26 de abril 8:00 pm; 27 de abril 5:00 pm<br \/>\nBoletos: <a href=\"http:\/\/www.tiketera.com\">www.tiketera.com<\/a><br \/>\nGira:<br \/>\n\u2022 Humacao | Teatro de la Universidad de Puerto Rico, Recinto de Humacao | 29 de abril |<br \/>\n10:30 am<br \/>\n\u2022 Mayag\u00fcez | Taller Libert\u00e1 | 3 de mayo | 7:00 pm<br \/>\n\u2022 Ponce | Teatro Amalgama | 16 de mayo | 7:00 pm<\/p>\n<p><span class=\"x19la9d6 x1fc57z9 x6ikm8r x10wlt62 x19co3pv x1g5zs5t xfibh0p xiy17q3 x1xsqp64 x1lkfr7t xexx8yu x4uap5 x18d9i69 xkhd6sd\"><span class=\"xrtxmta x1bhl96m\">\ud83c\udfad<\/span><\/span><\/p>\n<p><strong>Colectivo Y No Hab\u00eda Luz<\/strong><br \/>\nCasa Productora: Arte y Ma\u00f1a, Inc.<br \/>\nFecha: <strong>4 al de abril<\/strong><br \/>\nTeatro: Teatro Victoria Espinosa<br \/>\nFunciones escolares (d\u00edas y horas): 4 de abril 10:00am<br \/>\nFunciones generales (d\u00edas y horas): No habr\u00e1<br \/>\nBoletos: No hay venta para funciones generales.<\/p>\n<p><span class=\"x19la9d6 x1fc57z9 x6ikm8r x10wlt62 x19co3pv x1g5zs5t xfibh0p xiy17q3 x1xsqp64 x1lkfr7t xexx8yu x4uap5 x18d9i69 xkhd6sd\"><span class=\"xrtxmta x1bhl96m\">\ud83c\udfad<\/span><\/span><\/p>\n<p><strong>El \u00faltimo sol trunco est\u00e1 a la venta<\/strong><br \/>\nAutor: Viviana Torres-Mestey<br \/>\nCasa Productora: Enfocarte, Inc.<br \/>\nFecha: <strong>10-14 de abril<\/strong><br \/>\nTeatro: Teatro Victoria Espinosa<br \/>\nFunciones escolares (d\u00edas y horas): 10 y 11 de abril a la 9:30 am<br \/>\nFunciones generales: 11 y 12 de abril 8:00 pm y 13 de abril a las 6:00 pm<br \/>\nBoletos: <a href=\"http:\/\/www.tiketera.com\">www.tiketera.com<\/a><\/p>\n<p><span class=\"x19la9d6 x1fc57z9 x6ikm8r x10wlt62 x19co3pv x1g5zs5t xfibh0p xiy17q3 x1xsqp64 x1lkfr7t xexx8yu x4uap5 x18d9i69 xkhd6sd\"><span class=\"xrtxmta x1bhl96m\">\ud83c\udfad<\/span><\/span><\/p>\n<p>&nbsp;<\/p>\n","protected":false},"excerpt":{"rendered":"<p>\u00a0\u00a0El Teatro Victoria Espinosa, ubicado en el hist\u00f3rico barrio de Santurce en Puerto Rico, emerge como un \u00edcono cultural de las artes esc\u00e9nicas puertorrique\u00f1as. Adquirido por el Instituto de Cultura Puertorrique\u00f1a en el 1987, es el fruto de la restauraci\u00f3n de la&hellip;<\/p>\n","protected":false},"author":1,"featured_media":4127,"comment_status":"closed","ping_status":"closed","sticky":false,"template":"","format":"image","meta":{"nf_dc_page":"","footnotes":""},"categories":[54,177],"tags":[178],"class_list":["post-4120","post","type-post","status-publish","format-image","has-post-thumbnail","hentry","category-destacados","category-red-de-teatros","tag-teatros","post_format-post-format-image"],"yoast_head":"<!-- This site is optimized with the Yoast SEO plugin v27.5 - https:\/\/yoast.com\/product\/yoast-seo-wordpress\/ -->\n<title>Teatro Victoria Espinosa - CulturalPR - Noticias<\/title>\n<meta name=\"description\" content=\"Conozca el Teatro Victoria Espinosa. \ud83c\udfadSu ubicaci\u00f3n, facilidades y requerimientos para producciones. Galer\u00eda de fotos y documentaciones.\" \/>\n<meta name=\"robots\" content=\"index, follow, max-snippet:-1, max-image-preview:large, max-video-preview:-1\" \/>\n<link rel=\"canonical\" href=\"https:\/\/culturalpr.com\/notas\/teatro-victoria-espinosa\/\" \/>\n<meta property=\"og:locale\" content=\"es_ES\" \/>\n<meta property=\"og:type\" content=\"article\" \/>\n<meta property=\"og:title\" content=\"Conoce el Teatro Victoria Espinosa\" \/>\n<meta property=\"og:description\" content=\"Conozca el Teatro Victoria Espinosa. \ud83c\udfadSu ubicaci\u00f3n, facilidades y requerimientos para producciones. Galer\u00eda de fotos y documentaciones.\" \/>\n<meta property=\"og:url\" content=\"https:\/\/culturalpr.com\/notas\/teatro-victoria-espinosa\/\" \/>\n<meta property=\"og:site_name\" content=\"CulturalPR - Noticias\" \/>\n<meta property=\"article:publisher\" content=\"https:\/\/www.facebook.com\/culturalpr\" \/>\n<meta property=\"article:published_time\" content=\"2023-03-28T20:06:58+00:00\" \/>\n<meta property=\"article:modified_time\" content=\"2025-03-21T20:42:28+00:00\" \/>\n<meta property=\"og:image\" content=\"https:\/\/culturalpr.com\/notas\/wp-content\/uploads\/2024\/03\/Teatro-Vitoria-Espinosa-1.png\" \/>\n\t<meta property=\"og:image:width\" content=\"1640\" \/>\n\t<meta property=\"og:image:height\" content=\"924\" \/>\n\t<meta property=\"og:image:type\" content=\"image\/png\" \/>\n<meta name=\"author\" content=\"CulturalPR\" \/>\n<meta name=\"twitter:card\" content=\"summary_large_image\" \/>\n<meta name=\"twitter:title\" content=\"Conoce el Teatro Victoria Espinosa\" \/>\n<meta name=\"twitter:description\" content=\"Descubre el Teatro Victoria Espinosa, su historia y facilidades para productores. Conozca el Teatro Victoria Espinosa. \ud83c\udfadSu ubicaci\u00f3n, facilidades y requerimientos para producciones. Galer\u00eda de fotos y documentaciones.\" \/>\n<meta name=\"twitter:image\" content=\"https:\/\/culturalpr.com\/notas\/wp-content\/uploads\/2024\/03\/Teatro-Vitoria-Espinosa-1.png\" \/>\n<meta name=\"twitter:creator\" content=\"@PasalaCultural\" \/>\n<meta name=\"twitter:site\" content=\"@PasalaCultural\" \/>\n<meta name=\"twitter:label1\" content=\"Escrito por\" \/>\n\t<meta name=\"twitter:data1\" content=\"CulturalPR\" \/>\n\t<meta name=\"twitter:label2\" content=\"Tiempo de lectura\" \/>\n\t<meta name=\"twitter:data2\" content=\"6 minutos\" \/>\n<script type=\"application\/ld+json\" class=\"yoast-schema-graph\">{\"@context\":\"https:\\\/\\\/schema.org\",\"@graph\":[{\"@type\":\"Article\",\"@id\":\"https:\\\/\\\/culturalpr.com\\\/notas\\\/teatro-victoria-espinosa\\\/#article\",\"isPartOf\":{\"@id\":\"https:\\\/\\\/culturalpr.com\\\/notas\\\/teatro-victoria-espinosa\\\/\"},\"author\":{\"name\":\"CulturalPR\",\"@id\":\"https:\\\/\\\/culturalpr.com\\\/notas\\\/#\\\/schema\\\/person\\\/1217d932bc3d72749cf829a9b920cfa2\"},\"headline\":\"Teatro Victoria Espinosa\",\"datePublished\":\"2023-03-28T20:06:58+00:00\",\"dateModified\":\"2025-03-21T20:42:28+00:00\",\"mainEntityOfPage\":{\"@id\":\"https:\\\/\\\/culturalpr.com\\\/notas\\\/teatro-victoria-espinosa\\\/\"},\"wordCount\":725,\"publisher\":{\"@id\":\"https:\\\/\\\/culturalpr.com\\\/notas\\\/#organization\"},\"image\":{\"@id\":\"https:\\\/\\\/culturalpr.com\\\/notas\\\/teatro-victoria-espinosa\\\/#primaryimage\"},\"thumbnailUrl\":\"https:\\\/\\\/culturalpr.com\\\/notas\\\/wp-content\\\/uploads\\\/2024\\\/03\\\/Teatro-Vitoria-Espinosa-1.png\",\"keywords\":[\"Teatros\"],\"articleSection\":[\"DESTACADOS\",\"RED DE TEATROS\"],\"inLanguage\":\"es\"},{\"@type\":\"WebPage\",\"@id\":\"https:\\\/\\\/culturalpr.com\\\/notas\\\/teatro-victoria-espinosa\\\/\",\"url\":\"https:\\\/\\\/culturalpr.com\\\/notas\\\/teatro-victoria-espinosa\\\/\",\"name\":\"Teatro Victoria Espinosa - CulturalPR - Noticias\",\"isPartOf\":{\"@id\":\"https:\\\/\\\/culturalpr.com\\\/notas\\\/#website\"},\"primaryImageOfPage\":{\"@id\":\"https:\\\/\\\/culturalpr.com\\\/notas\\\/teatro-victoria-espinosa\\\/#primaryimage\"},\"image\":{\"@id\":\"https:\\\/\\\/culturalpr.com\\\/notas\\\/teatro-victoria-espinosa\\\/#primaryimage\"},\"thumbnailUrl\":\"https:\\\/\\\/culturalpr.com\\\/notas\\\/wp-content\\\/uploads\\\/2024\\\/03\\\/Teatro-Vitoria-Espinosa-1.png\",\"datePublished\":\"2023-03-28T20:06:58+00:00\",\"dateModified\":\"2025-03-21T20:42:28+00:00\",\"description\":\"Conozca el Teatro Victoria Espinosa. \ud83c\udfadSu ubicaci\u00f3n, facilidades y requerimientos para producciones. Galer\u00eda de fotos y documentaciones.\",\"breadcrumb\":{\"@id\":\"https:\\\/\\\/culturalpr.com\\\/notas\\\/teatro-victoria-espinosa\\\/#breadcrumb\"},\"inLanguage\":\"es\",\"potentialAction\":[{\"@type\":\"ReadAction\",\"target\":[\"https:\\\/\\\/culturalpr.com\\\/notas\\\/teatro-victoria-espinosa\\\/\"]}]},{\"@type\":\"ImageObject\",\"inLanguage\":\"es\",\"@id\":\"https:\\\/\\\/culturalpr.com\\\/notas\\\/teatro-victoria-espinosa\\\/#primaryimage\",\"url\":\"https:\\\/\\\/culturalpr.com\\\/notas\\\/wp-content\\\/uploads\\\/2024\\\/03\\\/Teatro-Vitoria-Espinosa-1.png\",\"contentUrl\":\"https:\\\/\\\/culturalpr.com\\\/notas\\\/wp-content\\\/uploads\\\/2024\\\/03\\\/Teatro-Vitoria-Espinosa-1.png\",\"width\":1640,\"height\":924,\"caption\":\"Teatro Vitoria Espinosa 1\"},{\"@type\":\"BreadcrumbList\",\"@id\":\"https:\\\/\\\/culturalpr.com\\\/notas\\\/teatro-victoria-espinosa\\\/#breadcrumb\",\"itemListElement\":[{\"@type\":\"ListItem\",\"position\":1,\"name\":\"Home\",\"item\":\"https:\\\/\\\/culturalpr.com\\\/notas\\\/\"},{\"@type\":\"ListItem\",\"position\":2,\"name\":\"Teatro Victoria Espinosa\"}]},{\"@type\":\"WebSite\",\"@id\":\"https:\\\/\\\/culturalpr.com\\\/notas\\\/#website\",\"url\":\"https:\\\/\\\/culturalpr.com\\\/notas\\\/\",\"name\":\"CulturalPR - Noticias\",\"description\":\"Puerto Rico\",\"publisher\":{\"@id\":\"https:\\\/\\\/culturalpr.com\\\/notas\\\/#organization\"},\"potentialAction\":[{\"@type\":\"SearchAction\",\"target\":{\"@type\":\"EntryPoint\",\"urlTemplate\":\"https:\\\/\\\/culturalpr.com\\\/notas\\\/?s={search_term_string}\"},\"query-input\":{\"@type\":\"PropertyValueSpecification\",\"valueRequired\":true,\"valueName\":\"search_term_string\"}}],\"inLanguage\":\"es\"},{\"@type\":\"Organization\",\"@id\":\"https:\\\/\\\/culturalpr.com\\\/notas\\\/#organization\",\"name\":\"CulturalPR - Noticias\",\"url\":\"https:\\\/\\\/culturalpr.com\\\/notas\\\/\",\"logo\":{\"@type\":\"ImageObject\",\"inLanguage\":\"es\",\"@id\":\"https:\\\/\\\/culturalpr.com\\\/notas\\\/#\\\/schema\\\/logo\\\/image\\\/\",\"url\":\"https:\\\/\\\/culturalpr.com\\\/notas\\\/wp-content\\\/uploads\\\/2024\\\/03\\\/Untitled-design.png\",\"contentUrl\":\"https:\\\/\\\/culturalpr.com\\\/notas\\\/wp-content\\\/uploads\\\/2024\\\/03\\\/Untitled-design.png\",\"width\":940,\"height\":788,\"caption\":\"CulturalPR - Noticias\"},\"image\":{\"@id\":\"https:\\\/\\\/culturalpr.com\\\/notas\\\/#\\\/schema\\\/logo\\\/image\\\/\"},\"sameAs\":[\"https:\\\/\\\/www.facebook.com\\\/culturalpr\",\"https:\\\/\\\/x.com\\\/PasalaCultural\",\"https:\\\/\\\/www.instagram.com\\\/culturalpr\\\/\"]},{\"@type\":\"Person\",\"@id\":\"https:\\\/\\\/culturalpr.com\\\/notas\\\/#\\\/schema\\\/person\\\/1217d932bc3d72749cf829a9b920cfa2\",\"name\":\"CulturalPR\",\"image\":{\"@type\":\"ImageObject\",\"inLanguage\":\"es\",\"@id\":\"https:\\\/\\\/secure.gravatar.com\\\/avatar\\\/e24bea36dbee47efddebb8e6bb8c4b78c94895c5ec742e20efe481b2cf88959b?s=96&d=mm&r=g\",\"url\":\"https:\\\/\\\/secure.gravatar.com\\\/avatar\\\/e24bea36dbee47efddebb8e6bb8c4b78c94895c5ec742e20efe481b2cf88959b?s=96&d=mm&r=g\",\"contentUrl\":\"https:\\\/\\\/secure.gravatar.com\\\/avatar\\\/e24bea36dbee47efddebb8e6bb8c4b78c94895c5ec742e20efe481b2cf88959b?s=96&d=mm&r=g\",\"caption\":\"CulturalPR\"},\"sameAs\":[\"https:\\\/\\\/culturalpr.com\\\/notas\"],\"url\":\"https:\\\/\\\/culturalpr.com\\\/notas\\\/author\\\/admin\\\/\"}]}<\/script>\n<!-- \/ Yoast SEO plugin. -->","yoast_head_json":{"title":"Teatro Victoria Espinosa - CulturalPR - Noticias","description":"Conozca el Teatro Victoria Espinosa. \ud83c\udfadSu ubicaci\u00f3n, facilidades y requerimientos para producciones. Galer\u00eda de fotos y documentaciones.","robots":{"index":"index","follow":"follow","max-snippet":"max-snippet:-1","max-image-preview":"max-image-preview:large","max-video-preview":"max-video-preview:-1"},"canonical":"https:\/\/culturalpr.com\/notas\/teatro-victoria-espinosa\/","og_locale":"es_ES","og_type":"article","og_title":"Conoce el Teatro Victoria Espinosa","og_description":"Conozca el Teatro Victoria Espinosa. \ud83c\udfadSu ubicaci\u00f3n, facilidades y requerimientos para producciones. Galer\u00eda de fotos y documentaciones.","og_url":"https:\/\/culturalpr.com\/notas\/teatro-victoria-espinosa\/","og_site_name":"CulturalPR - Noticias","article_publisher":"https:\/\/www.facebook.com\/culturalpr","article_published_time":"2023-03-28T20:06:58+00:00","article_modified_time":"2025-03-21T20:42:28+00:00","og_image":[{"width":1640,"height":924,"url":"https:\/\/culturalpr.com\/notas\/wp-content\/uploads\/2024\/03\/Teatro-Vitoria-Espinosa-1.png","type":"image\/png"}],"author":"CulturalPR","twitter_card":"summary_large_image","twitter_title":"Conoce el Teatro Victoria Espinosa","twitter_description":"Descubre el Teatro Victoria Espinosa, su historia y facilidades para productores. Conozca el Teatro Victoria Espinosa. \ud83c\udfadSu ubicaci\u00f3n, facilidades y requerimientos para producciones. Galer\u00eda de fotos y documentaciones.","twitter_image":"https:\/\/culturalpr.com\/notas\/wp-content\/uploads\/2024\/03\/Teatro-Vitoria-Espinosa-1.png","twitter_creator":"@PasalaCultural","twitter_site":"@PasalaCultural","twitter_misc":{"Escrito por":"CulturalPR","Tiempo de lectura":"6 minutos"},"schema":{"@context":"https:\/\/schema.org","@graph":[{"@type":"Article","@id":"https:\/\/culturalpr.com\/notas\/teatro-victoria-espinosa\/#article","isPartOf":{"@id":"https:\/\/culturalpr.com\/notas\/teatro-victoria-espinosa\/"},"author":{"name":"CulturalPR","@id":"https:\/\/culturalpr.com\/notas\/#\/schema\/person\/1217d932bc3d72749cf829a9b920cfa2"},"headline":"Teatro Victoria Espinosa","datePublished":"2023-03-28T20:06:58+00:00","dateModified":"2025-03-21T20:42:28+00:00","mainEntityOfPage":{"@id":"https:\/\/culturalpr.com\/notas\/teatro-victoria-espinosa\/"},"wordCount":725,"publisher":{"@id":"https:\/\/culturalpr.com\/notas\/#organization"},"image":{"@id":"https:\/\/culturalpr.com\/notas\/teatro-victoria-espinosa\/#primaryimage"},"thumbnailUrl":"https:\/\/culturalpr.com\/notas\/wp-content\/uploads\/2024\/03\/Teatro-Vitoria-Espinosa-1.png","keywords":["Teatros"],"articleSection":["DESTACADOS","RED DE TEATROS"],"inLanguage":"es"},{"@type":"WebPage","@id":"https:\/\/culturalpr.com\/notas\/teatro-victoria-espinosa\/","url":"https:\/\/culturalpr.com\/notas\/teatro-victoria-espinosa\/","name":"Teatro Victoria Espinosa - CulturalPR - Noticias","isPartOf":{"@id":"https:\/\/culturalpr.com\/notas\/#website"},"primaryImageOfPage":{"@id":"https:\/\/culturalpr.com\/notas\/teatro-victoria-espinosa\/#primaryimage"},"image":{"@id":"https:\/\/culturalpr.com\/notas\/teatro-victoria-espinosa\/#primaryimage"},"thumbnailUrl":"https:\/\/culturalpr.com\/notas\/wp-content\/uploads\/2024\/03\/Teatro-Vitoria-Espinosa-1.png","datePublished":"2023-03-28T20:06:58+00:00","dateModified":"2025-03-21T20:42:28+00:00","description":"Conozca el Teatro Victoria Espinosa. \ud83c\udfadSu ubicaci\u00f3n, facilidades y requerimientos para producciones. Galer\u00eda de fotos y documentaciones.","breadcrumb":{"@id":"https:\/\/culturalpr.com\/notas\/teatro-victoria-espinosa\/#breadcrumb"},"inLanguage":"es","potentialAction":[{"@type":"ReadAction","target":["https:\/\/culturalpr.com\/notas\/teatro-victoria-espinosa\/"]}]},{"@type":"ImageObject","inLanguage":"es","@id":"https:\/\/culturalpr.com\/notas\/teatro-victoria-espinosa\/#primaryimage","url":"https:\/\/culturalpr.com\/notas\/wp-content\/uploads\/2024\/03\/Teatro-Vitoria-Espinosa-1.png","contentUrl":"https:\/\/culturalpr.com\/notas\/wp-content\/uploads\/2024\/03\/Teatro-Vitoria-Espinosa-1.png","width":1640,"height":924,"caption":"Teatro Vitoria Espinosa 1"},{"@type":"BreadcrumbList","@id":"https:\/\/culturalpr.com\/notas\/teatro-victoria-espinosa\/#breadcrumb","itemListElement":[{"@type":"ListItem","position":1,"name":"Home","item":"https:\/\/culturalpr.com\/notas\/"},{"@type":"ListItem","position":2,"name":"Teatro Victoria Espinosa"}]},{"@type":"WebSite","@id":"https:\/\/culturalpr.com\/notas\/#website","url":"https:\/\/culturalpr.com\/notas\/","name":"CulturalPR - Noticias","description":"Puerto Rico","publisher":{"@id":"https:\/\/culturalpr.com\/notas\/#organization"},"potentialAction":[{"@type":"SearchAction","target":{"@type":"EntryPoint","urlTemplate":"https:\/\/culturalpr.com\/notas\/?s={search_term_string}"},"query-input":{"@type":"PropertyValueSpecification","valueRequired":true,"valueName":"search_term_string"}}],"inLanguage":"es"},{"@type":"Organization","@id":"https:\/\/culturalpr.com\/notas\/#organization","name":"CulturalPR - Noticias","url":"https:\/\/culturalpr.com\/notas\/","logo":{"@type":"ImageObject","inLanguage":"es","@id":"https:\/\/culturalpr.com\/notas\/#\/schema\/logo\/image\/","url":"https:\/\/culturalpr.com\/notas\/wp-content\/uploads\/2024\/03\/Untitled-design.png","contentUrl":"https:\/\/culturalpr.com\/notas\/wp-content\/uploads\/2024\/03\/Untitled-design.png","width":940,"height":788,"caption":"CulturalPR - Noticias"},"image":{"@id":"https:\/\/culturalpr.com\/notas\/#\/schema\/logo\/image\/"},"sameAs":["https:\/\/www.facebook.com\/culturalpr","https:\/\/x.com\/PasalaCultural","https:\/\/www.instagram.com\/culturalpr\/"]},{"@type":"Person","@id":"https:\/\/culturalpr.com\/notas\/#\/schema\/person\/1217d932bc3d72749cf829a9b920cfa2","name":"CulturalPR","image":{"@type":"ImageObject","inLanguage":"es","@id":"https:\/\/secure.gravatar.com\/avatar\/e24bea36dbee47efddebb8e6bb8c4b78c94895c5ec742e20efe481b2cf88959b?s=96&d=mm&r=g","url":"https:\/\/secure.gravatar.com\/avatar\/e24bea36dbee47efddebb8e6bb8c4b78c94895c5ec742e20efe481b2cf88959b?s=96&d=mm&r=g","contentUrl":"https:\/\/secure.gravatar.com\/avatar\/e24bea36dbee47efddebb8e6bb8c4b78c94895c5ec742e20efe481b2cf88959b?s=96&d=mm&r=g","caption":"CulturalPR"},"sameAs":["https:\/\/culturalpr.com\/notas"],"url":"https:\/\/culturalpr.com\/notas\/author\/admin\/"}]}},"views":3957,"_links":{"self":[{"href":"https:\/\/culturalpr.com\/notas\/wp-json\/wp\/v2\/posts\/4120","targetHints":{"allow":["GET"]}}],"collection":[{"href":"https:\/\/culturalpr.com\/notas\/wp-json\/wp\/v2\/posts"}],"about":[{"href":"https:\/\/culturalpr.com\/notas\/wp-json\/wp\/v2\/types\/post"}],"author":[{"embeddable":true,"href":"https:\/\/culturalpr.com\/notas\/wp-json\/wp\/v2\/users\/1"}],"replies":[{"embeddable":true,"href":"https:\/\/culturalpr.com\/notas\/wp-json\/wp\/v2\/comments?post=4120"}],"version-history":[{"count":5,"href":"https:\/\/culturalpr.com\/notas\/wp-json\/wp\/v2\/posts\/4120\/revisions"}],"predecessor-version":[{"id":4661,"href":"https:\/\/culturalpr.com\/notas\/wp-json\/wp\/v2\/posts\/4120\/revisions\/4661"}],"wp:featuredmedia":[{"embeddable":true,"href":"https:\/\/culturalpr.com\/notas\/wp-json\/wp\/v2\/media\/4127"}],"wp:attachment":[{"href":"https:\/\/culturalpr.com\/notas\/wp-json\/wp\/v2\/media?parent=4120"}],"wp:term":[{"taxonomy":"category","embeddable":true,"href":"https:\/\/culturalpr.com\/notas\/wp-json\/wp\/v2\/categories?post=4120"},{"taxonomy":"post_tag","embeddable":true,"href":"https:\/\/culturalpr.com\/notas\/wp-json\/wp\/v2\/tags?post=4120"}],"curies":[{"name":"wp","href":"https:\/\/api.w.org\/{rel}","templated":true}]}}