{"id":4358,"date":"2024-03-11T10:46:18","date_gmt":"2024-03-11T14:46:18","guid":{"rendered":"https:\/\/culturalpr.com\/notas\/?p=4358"},"modified":"2024-04-03T11:30:58","modified_gmt":"2024-04-03T15:30:58","slug":"reviven-el-tiple-puertorriqueno","status":"publish","type":"post","link":"https:\/\/culturalpr.com\/notas\/reviven-el-tiple-puertorriqueno\/","title":{"rendered":"Reviven el tiple puertorrique\u00f1o"},"content":{"rendered":"\t\t<div data-elementor-type=\"wp-post\" data-elementor-id=\"4358\" class=\"elementor elementor-4358\" data-elementor-post-type=\"post\">\n\t\t\t\t\t\t<section class=\"elementor-section elementor-top-section elementor-element elementor-element-28ac3a74 elementor-section-boxed elementor-section-height-default elementor-section-height-default sc_fly_static\" data-id=\"28ac3a74\" data-element_type=\"section\" data-e-type=\"section\">\n\t\t\t\t\t\t<div class=\"elementor-container elementor-column-gap-extended\">\n\t\t\t\t\t<div class=\"elementor-column elementor-col-100 elementor-top-column elementor-element elementor-element-3477507e sc_content_align_inherit sc_layouts_column_icons_position_left sc_fly_static\" data-id=\"3477507e\" data-element_type=\"column\" data-e-type=\"column\">\n\t\t\t<div class=\"elementor-widget-wrap elementor-element-populated\">\n\t\t\t\t\t\t<div class=\"elementor-element elementor-element-5f4ece5b sc_fly_static elementor-widget elementor-widget-heading\" data-id=\"5f4ece5b\" data-element_type=\"widget\" data-e-type=\"widget\" data-widget_type=\"heading.default\">\n\t\t\t\t<div class=\"elementor-widget-container\">\n\t\t\t\t\t<h4 class=\"elementor-heading-title elementor-size-default\">El evento es dedicado al autor y m\u00fasico Jos\u00e9 \u201cPepito\u201d Reyes Zamora.<\/h4>\t\t\t\t<\/div>\n\t\t\t\t<\/div>\n\t\t\t\t<div class=\"elementor-element elementor-element-17cb7a6d sc_fly_static elementor-widget elementor-widget-spacer\" data-id=\"17cb7a6d\" data-element_type=\"widget\" data-e-type=\"widget\" data-widget_type=\"spacer.default\">\n\t\t\t\t<div class=\"elementor-widget-container\">\n\t\t\t\t\t\t\t<div class=\"elementor-spacer\">\n\t\t\t<div class=\"elementor-spacer-inner\"><\/div>\n\t\t<\/div>\n\t\t\t\t\t\t<\/div>\n\t\t\t\t<\/div>\n\t\t\t\t<div class=\"elementor-element elementor-element-d545359 sc_fly_static elementor-widget elementor-widget-post-info\" data-id=\"d545359\" data-element_type=\"widget\" data-e-type=\"widget\" data-widget_type=\"post-info.default\">\n\t\t\t\t<div class=\"elementor-widget-container\">\n\t\t\t\t\t\t\t<ul class=\"elementor-inline-items elementor-icon-list-items elementor-post-info\">\n\t\t\t\t\t\t\t\t<li class=\"elementor-icon-list-item elementor-repeater-item-1a9a745 elementor-inline-item\" itemprop=\"author\">\n\t\t\t\t\t\t<a href=\"https:\/\/culturalpr.com\/notas\/author\/milcaalamo\/\">\n\t\t\t\t\t\t\t\t\t\t\t<span class=\"elementor-icon-list-icon\">\n\t\t\t\t\t\t\t\t<i aria-hidden=\"true\" class=\"far fa-user-circle\"><\/i>\t\t\t\t\t\t\t<\/span>\n\t\t\t\t\t\t\t\t\t<span class=\"elementor-icon-list-text elementor-post-info__item elementor-post-info__item--type-author\">\n\t\t\t\t\t\t\t\t\t\tMilca Alamo\t\t\t\t\t<\/span>\n\t\t\t\t\t\t\t\t\t<\/a>\n\t\t\t\t<\/li>\n\t\t\t\t<li class=\"elementor-icon-list-item elementor-repeater-item-a9ecf9d elementor-inline-item\" itemprop=\"datePublished\">\n\t\t\t\t\t\t<a href=\"https:\/\/culturalpr.com\/notas\/2024\/03\/11\/\">\n\t\t\t\t\t\t\t\t\t\t\t<span class=\"elementor-icon-list-icon\">\n\t\t\t\t\t\t\t\t<i aria-hidden=\"true\" class=\"fas fa-calendar\"><\/i>\t\t\t\t\t\t\t<\/span>\n\t\t\t\t\t\t\t\t\t<span class=\"elementor-icon-list-text elementor-post-info__item elementor-post-info__item--type-date\">\n\t\t\t\t\t\t\t\t\t\t<time>11\/03\/2024<\/time>\t\t\t\t\t<\/span>\n\t\t\t\t\t\t\t\t\t<\/a>\n\t\t\t\t<\/li>\n\t\t\t\t<li class=\"elementor-icon-list-item elementor-repeater-item-197194c elementor-inline-item\">\n\t\t\t\t\t\t\t\t\t\t<span class=\"elementor-icon-list-icon\">\n\t\t\t\t\t\t\t\t<i aria-hidden=\"true\" class=\"far fa-clock\"><\/i>\t\t\t\t\t\t\t<\/span>\n\t\t\t\t\t\t\t\t\t<span class=\"elementor-icon-list-text elementor-post-info__item elementor-post-info__item--type-time\">\n\t\t\t\t\t\t\t\t\t\t<time>10:46 am<\/time>\t\t\t\t\t<\/span>\n\t\t\t\t\t\t\t\t<\/li>\n\t\t\t\t<\/ul>\n\t\t\t\t\t\t<\/div>\n\t\t\t\t<\/div>\n\t\t\t\t<div class=\"elementor-element elementor-element-3906b00b sc_fly_static elementor-widget elementor-widget-spacer\" data-id=\"3906b00b\" data-element_type=\"widget\" data-e-type=\"widget\" data-widget_type=\"spacer.default\">\n\t\t\t\t<div class=\"elementor-widget-container\">\n\t\t\t\t\t\t\t<div class=\"elementor-spacer\">\n\t\t\t<div class=\"elementor-spacer-inner\"><\/div>\n\t\t<\/div>\n\t\t\t\t\t\t<\/div>\n\t\t\t\t<\/div>\n\t\t\t\t<div class=\"elementor-element elementor-element-953b03c sc_fly_static elementor-widget elementor-widget-text-editor\" data-id=\"953b03c\" data-element_type=\"widget\" data-e-type=\"widget\" data-widget_type=\"text-editor.default\">\n\t\t\t\t<div class=\"elementor-widget-container\">\n\t\t\t\t\t\t\t\t\t<p><span style=\"font-weight: 400;\">En un enorme esfuerzo por recuperar el instrumento musical, este pr\u00f3ximo 16 y 17 de marzo en la Fundaci\u00f3n Nacional para la Cultura Popular albergar\u00e1 el \u201c<a href=\"https:\/\/culturalpr.com\/event-pro\/reencuentro-con-el-tiple-puertorriqueno\/\">Reencuentro con el Tiple puertorrique\u00f1o<\/a>\u201d a trav\u00e9s de exhibiciones, charlas y demostraciones musicales.\u00a0<\/span><\/p><p><span style=\"font-weight: 400;\">El tiple es un instrumento de cuerda con una sonoridad m\u00e1s aguda que el cuatro puertorrique\u00f1o y -seg\u00fan los organizadores del evento es el primer instrumento aut\u00f3ctono de cuerda que se conoce. Este es solo el comienzo de un largo proceso de preservaci\u00f3n por parte de Francisco \u201cPaquito\u201d Marrero Ocasio y Jos\u00e9 \u201cCuco\u201d Rivera. Ambos fueron parte del Movimiento Pro Rescate del Tiple Puertorrique\u00f1o en Jayuya organizado para el a\u00f1o 2000 y del cual Jos\u00e9 \u201cPepito\u201d Reyes Zamora dej\u00f3 un legado important\u00edsimo de investigaciones publicadas en su libro \u201cEl Tiple Puertorrique\u00f1o: Historia, Manual y M\u00e9todo\u201d sobre los or\u00edgenes del tiple. En agradecimiento y honra al trabajo por Reyes Zamora, el reencuentro estar\u00e1 dedicado a este estudioso.\u00a0<\/span><\/p><p><span style=\"font-weight: 400;\">Entre las caracter\u00edsticas m\u00e1s curiosas del tiple se le destaca su escala de tama\u00f1o peque\u00f1o y su versatilidad mel\u00f3dica. Es un instrumento muy port\u00e1til para redescubrir y en ocasiones, es comparado con el ukulele de Hawaii. Sin embargo, posterior a la \u00e9poca de la conquista, regiones como las Islas Canarias, que lo conocen como el timple, Colombia, Venezuela, Rep\u00fablica Dominicana y hasta Cuba han tenido sus versiones o interpretaciones de tiples.\u00a0<\/span><span style=\"font-size: 14px; font-weight: 400;\">\u00a0<\/span><\/p>\t\t\t\t\t\t\t\t<\/div>\n\t\t\t\t<\/div>\n\t\t\t\t<div class=\"elementor-element elementor-element-8e28571 sc_fly_static elementor-widget elementor-widget-spacer\" data-id=\"8e28571\" data-element_type=\"widget\" data-e-type=\"widget\" data-widget_type=\"spacer.default\">\n\t\t\t\t<div class=\"elementor-widget-container\">\n\t\t\t\t\t\t\t<div class=\"elementor-spacer\">\n\t\t\t<div class=\"elementor-spacer-inner\"><\/div>\n\t\t<\/div>\n\t\t\t\t\t\t<\/div>\n\t\t\t\t<\/div>\n\t\t\t\t<div class=\"elementor-element elementor-element-eed5be9 sc_fly_static elementor-widget elementor-widget-gallery\" data-id=\"eed5be9\" data-element_type=\"widget\" data-e-type=\"widget\" data-settings=\"{&quot;lazyload&quot;:&quot;yes&quot;,&quot;gallery_layout&quot;:&quot;grid&quot;,&quot;columns&quot;:4,&quot;columns_tablet&quot;:2,&quot;columns_mobile&quot;:1,&quot;gap&quot;:{&quot;unit&quot;:&quot;px&quot;,&quot;size&quot;:10,&quot;sizes&quot;:[]},&quot;gap_tablet&quot;:{&quot;unit&quot;:&quot;px&quot;,&quot;size&quot;:10,&quot;sizes&quot;:[]},&quot;gap_mobile&quot;:{&quot;unit&quot;:&quot;px&quot;,&quot;size&quot;:10,&quot;sizes&quot;:[]},&quot;link_to&quot;:&quot;file&quot;,&quot;aspect_ratio&quot;:&quot;3:2&quot;,&quot;overlay_background&quot;:&quot;yes&quot;,&quot;content_hover_animation&quot;:&quot;fade-in&quot;}\" data-widget_type=\"gallery.default\">\n\t\t\t\t<div class=\"elementor-widget-container\">\n\t\t\t\t\t\t\t<div class=\"elementor-gallery__container\">\n\t\t\t\t\t\t\t<a class=\"e-gallery-item elementor-gallery-item elementor-animated-content\" href=\"https:\/\/culturalpr.com\/notas\/wp-content\/uploads\/2024\/04\/BAUL-DEL-TIPLE-7-MARZO-2024-26-scaled-1.jpg\" data-elementor-open-lightbox=\"yes\" data-elementor-lightbox-slideshow=\"eed5be9\" data-elementor-lightbox-title=\"BAUL-DEL-TIPLE-7-MARZO-2024-26-scaled\" data-e-action-hash=\"#elementor-action%3Aaction%3Dlightbox%26settings%3DeyJpZCI6NDM3MCwidXJsIjoiaHR0cHM6XC9cL2N1bHR1cmFscHIuY29tXC9ub3Rhc1wvd3AtY29udGVudFwvdXBsb2Fkc1wvMjAyNFwvMDRcL0JBVUwtREVMLVRJUExFLTctTUFSWk8tMjAyNC0yNi1zY2FsZWQtMS5qcGciLCJzbGlkZXNob3ciOiJlZWQ1YmU5In0%3D\">\n\t\t\t\t\t<div class=\"e-gallery-image elementor-gallery-item__image\" data-thumbnail=\"https:\/\/culturalpr.com\/notas\/wp-content\/uploads\/2024\/04\/BAUL-DEL-TIPLE-7-MARZO-2024-26-scaled-1-300x197.jpg\" data-width=\"300\" data-height=\"197\" aria-label=\"\" role=\"img\" ><\/div>\n\t\t\t\t\t\t\t\t\t\t\t<div class=\"elementor-gallery-item__overlay\"><\/div>\n\t\t\t\t\t\t\t\t\t\t\t\t\t\t<\/a>\n\t\t\t\t\t\t\t<a class=\"e-gallery-item elementor-gallery-item elementor-animated-content\" href=\"https:\/\/culturalpr.com\/notas\/wp-content\/uploads\/2024\/04\/BAUL-DEL-TIPLE-7-MARZO-2024-25-scaled-1.jpg\" data-elementor-open-lightbox=\"yes\" data-elementor-lightbox-slideshow=\"eed5be9\" data-elementor-lightbox-title=\"BAUL-DEL-TIPLE-7-MARZO-2024-25-scaled\" data-e-action-hash=\"#elementor-action%3Aaction%3Dlightbox%26settings%3DeyJpZCI6NDM2OSwidXJsIjoiaHR0cHM6XC9cL2N1bHR1cmFscHIuY29tXC9ub3Rhc1wvd3AtY29udGVudFwvdXBsb2Fkc1wvMjAyNFwvMDRcL0JBVUwtREVMLVRJUExFLTctTUFSWk8tMjAyNC0yNS1zY2FsZWQtMS5qcGciLCJzbGlkZXNob3ciOiJlZWQ1YmU5In0%3D\">\n\t\t\t\t\t<div class=\"e-gallery-image elementor-gallery-item__image\" data-thumbnail=\"https:\/\/culturalpr.com\/notas\/wp-content\/uploads\/2024\/04\/BAUL-DEL-TIPLE-7-MARZO-2024-25-scaled-1-206x300.jpg\" data-width=\"206\" data-height=\"300\" aria-label=\"\" role=\"img\" ><\/div>\n\t\t\t\t\t\t\t\t\t\t\t<div class=\"elementor-gallery-item__overlay\"><\/div>\n\t\t\t\t\t\t\t\t\t\t\t\t\t\t<\/a>\n\t\t\t\t\t\t\t<a class=\"e-gallery-item elementor-gallery-item elementor-animated-content\" href=\"https:\/\/culturalpr.com\/notas\/wp-content\/uploads\/2024\/04\/BAUL-DEL-TIPLE-7-MARZO-2024-22-scaled-1.jpg\" data-elementor-open-lightbox=\"yes\" data-elementor-lightbox-slideshow=\"eed5be9\" data-elementor-lightbox-title=\"BAUL-DEL-TIPLE-7-MARZO-2024-22-scaled\" data-e-action-hash=\"#elementor-action%3Aaction%3Dlightbox%26settings%3DeyJpZCI6NDM2OCwidXJsIjoiaHR0cHM6XC9cL2N1bHR1cmFscHIuY29tXC9ub3Rhc1wvd3AtY29udGVudFwvdXBsb2Fkc1wvMjAyNFwvMDRcL0JBVUwtREVMLVRJUExFLTctTUFSWk8tMjAyNC0yMi1zY2FsZWQtMS5qcGciLCJzbGlkZXNob3ciOiJlZWQ1YmU5In0%3D\">\n\t\t\t\t\t<div class=\"e-gallery-image elementor-gallery-item__image\" data-thumbnail=\"https:\/\/culturalpr.com\/notas\/wp-content\/uploads\/2024\/04\/BAUL-DEL-TIPLE-7-MARZO-2024-22-scaled-1-300x200.jpg\" data-width=\"300\" data-height=\"200\" aria-label=\"\" role=\"img\" ><\/div>\n\t\t\t\t\t\t\t\t\t\t\t<div class=\"elementor-gallery-item__overlay\"><\/div>\n\t\t\t\t\t\t\t\t\t\t\t\t\t\t<\/a>\n\t\t\t\t\t\t\t<a class=\"e-gallery-item elementor-gallery-item elementor-animated-content\" href=\"https:\/\/culturalpr.com\/notas\/wp-content\/uploads\/2024\/04\/BAUL-DEL-TIPLE-7-MARZO-2024-18-1-scaled-1.jpg\" data-elementor-open-lightbox=\"yes\" data-elementor-lightbox-slideshow=\"eed5be9\" data-elementor-lightbox-title=\"BAUL-DEL-TIPLE-7-MARZO-2024-18-1-scaled\" data-e-action-hash=\"#elementor-action%3Aaction%3Dlightbox%26settings%3DeyJpZCI6NDM2NywidXJsIjoiaHR0cHM6XC9cL2N1bHR1cmFscHIuY29tXC9ub3Rhc1wvd3AtY29udGVudFwvdXBsb2Fkc1wvMjAyNFwvMDRcL0JBVUwtREVMLVRJUExFLTctTUFSWk8tMjAyNC0xOC0xLXNjYWxlZC0xLmpwZyIsInNsaWRlc2hvdyI6ImVlZDViZTkifQ%3D%3D\">\n\t\t\t\t\t<div class=\"e-gallery-image elementor-gallery-item__image\" data-thumbnail=\"https:\/\/culturalpr.com\/notas\/wp-content\/uploads\/2024\/04\/BAUL-DEL-TIPLE-7-MARZO-2024-18-1-scaled-1-300x203.jpg\" data-width=\"300\" data-height=\"203\" aria-label=\"\" role=\"img\" ><\/div>\n\t\t\t\t\t\t\t\t\t\t\t<div class=\"elementor-gallery-item__overlay\"><\/div>\n\t\t\t\t\t\t\t\t\t\t\t\t\t\t<\/a>\n\t\t\t\t\t\t\t<a class=\"e-gallery-item elementor-gallery-item elementor-animated-content\" href=\"https:\/\/culturalpr.com\/notas\/wp-content\/uploads\/2024\/04\/BAUL-DEL-TIPLE-7-MARZO-2024-17-scaled-1.jpg\" data-elementor-open-lightbox=\"yes\" data-elementor-lightbox-slideshow=\"eed5be9\" data-elementor-lightbox-title=\"BAUL-DEL-TIPLE-7-MARZO-2024-17-scaled\" data-e-action-hash=\"#elementor-action%3Aaction%3Dlightbox%26settings%3DeyJpZCI6NDM2NiwidXJsIjoiaHR0cHM6XC9cL2N1bHR1cmFscHIuY29tXC9ub3Rhc1wvd3AtY29udGVudFwvdXBsb2Fkc1wvMjAyNFwvMDRcL0JBVUwtREVMLVRJUExFLTctTUFSWk8tMjAyNC0xNy1zY2FsZWQtMS5qcGciLCJzbGlkZXNob3ciOiJlZWQ1YmU5In0%3D\">\n\t\t\t\t\t<div class=\"e-gallery-image elementor-gallery-item__image\" data-thumbnail=\"https:\/\/culturalpr.com\/notas\/wp-content\/uploads\/2024\/04\/BAUL-DEL-TIPLE-7-MARZO-2024-17-scaled-1-300x200.jpg\" data-width=\"300\" data-height=\"200\" aria-label=\"\" role=\"img\" ><\/div>\n\t\t\t\t\t\t\t\t\t\t\t<div class=\"elementor-gallery-item__overlay\"><\/div>\n\t\t\t\t\t\t\t\t\t\t\t\t\t\t<\/a>\n\t\t\t\t\t\t\t<a class=\"e-gallery-item elementor-gallery-item elementor-animated-content\" href=\"https:\/\/culturalpr.com\/notas\/wp-content\/uploads\/2024\/04\/BAUL-DEL-TIPLE-7-MARZO-2024-15-scaled-1.jpg\" data-elementor-open-lightbox=\"yes\" data-elementor-lightbox-slideshow=\"eed5be9\" data-elementor-lightbox-title=\"BAUL-DEL-TIPLE-7-MARZO-2024-15-scaled\" data-e-action-hash=\"#elementor-action%3Aaction%3Dlightbox%26settings%3DeyJpZCI6NDM2NSwidXJsIjoiaHR0cHM6XC9cL2N1bHR1cmFscHIuY29tXC9ub3Rhc1wvd3AtY29udGVudFwvdXBsb2Fkc1wvMjAyNFwvMDRcL0JBVUwtREVMLVRJUExFLTctTUFSWk8tMjAyNC0xNS1zY2FsZWQtMS5qcGciLCJzbGlkZXNob3ciOiJlZWQ1YmU5In0%3D\">\n\t\t\t\t\t<div class=\"e-gallery-image elementor-gallery-item__image\" data-thumbnail=\"https:\/\/culturalpr.com\/notas\/wp-content\/uploads\/2024\/04\/BAUL-DEL-TIPLE-7-MARZO-2024-15-scaled-1-208x300.jpg\" data-width=\"208\" data-height=\"300\" aria-label=\"\" role=\"img\" ><\/div>\n\t\t\t\t\t\t\t\t\t\t\t<div class=\"elementor-gallery-item__overlay\"><\/div>\n\t\t\t\t\t\t\t\t\t\t\t\t\t\t<\/a>\n\t\t\t\t\t\t\t<a class=\"e-gallery-item elementor-gallery-item elementor-animated-content\" href=\"https:\/\/culturalpr.com\/notas\/wp-content\/uploads\/2024\/04\/BAUL-DEL-TIPLE-7-MARZO-2024-11-scaled-1.jpg\" data-elementor-open-lightbox=\"yes\" data-elementor-lightbox-slideshow=\"eed5be9\" data-elementor-lightbox-title=\"BAUL-DEL-TIPLE-7-MARZO-2024-11-scaled\" data-e-action-hash=\"#elementor-action%3Aaction%3Dlightbox%26settings%3DeyJpZCI6NDM2MywidXJsIjoiaHR0cHM6XC9cL2N1bHR1cmFscHIuY29tXC9ub3Rhc1wvd3AtY29udGVudFwvdXBsb2Fkc1wvMjAyNFwvMDRcL0JBVUwtREVMLVRJUExFLTctTUFSWk8tMjAyNC0xMS1zY2FsZWQtMS5qcGciLCJzbGlkZXNob3ciOiJlZWQ1YmU5In0%3D\">\n\t\t\t\t\t<div class=\"e-gallery-image elementor-gallery-item__image\" data-thumbnail=\"https:\/\/culturalpr.com\/notas\/wp-content\/uploads\/2024\/04\/BAUL-DEL-TIPLE-7-MARZO-2024-11-scaled-1-300x204.jpg\" data-width=\"300\" data-height=\"204\" aria-label=\"\" role=\"img\" ><\/div>\n\t\t\t\t\t\t\t\t\t\t\t<div class=\"elementor-gallery-item__overlay\"><\/div>\n\t\t\t\t\t\t\t\t\t\t\t\t\t\t<\/a>\n\t\t\t\t\t\t\t<a class=\"e-gallery-item elementor-gallery-item elementor-animated-content\" href=\"https:\/\/culturalpr.com\/notas\/wp-content\/uploads\/2024\/04\/BAUL-DEL-TIPLE-7-MARZO-2024-7-scaled1.jpg\" data-elementor-open-lightbox=\"yes\" data-elementor-lightbox-slideshow=\"eed5be9\" data-elementor-lightbox-title=\"BAUL-DEL-TIPLE-7-MARZO-2024-7-scaled[1]\" data-e-action-hash=\"#elementor-action%3Aaction%3Dlightbox%26settings%3DeyJpZCI6NDM2MiwidXJsIjoiaHR0cHM6XC9cL2N1bHR1cmFscHIuY29tXC9ub3Rhc1wvd3AtY29udGVudFwvdXBsb2Fkc1wvMjAyNFwvMDRcL0JBVUwtREVMLVRJUExFLTctTUFSWk8tMjAyNC03LXNjYWxlZDEuanBnIiwic2xpZGVzaG93IjoiZWVkNWJlOSJ9\">\n\t\t\t\t\t<div class=\"e-gallery-image elementor-gallery-item__image\" data-thumbnail=\"https:\/\/culturalpr.com\/notas\/wp-content\/uploads\/2024\/04\/BAUL-DEL-TIPLE-7-MARZO-2024-7-scaled1-300x216.jpg\" data-width=\"300\" data-height=\"216\" aria-label=\"\" role=\"img\" ><\/div>\n\t\t\t\t\t\t\t\t\t\t\t<div class=\"elementor-gallery-item__overlay\"><\/div>\n\t\t\t\t\t\t\t\t\t\t\t\t\t\t<\/a>\n\t\t\t\t\t<\/div>\n\t\t\t\t\t<\/div>\n\t\t\t\t<\/div>\n\t\t\t\t<div class=\"elementor-element elementor-element-b13000e sc_fly_static elementor-widget elementor-widget-spacer\" data-id=\"b13000e\" data-element_type=\"widget\" data-e-type=\"widget\" data-widget_type=\"spacer.default\">\n\t\t\t\t<div class=\"elementor-widget-container\">\n\t\t\t\t\t\t\t<div class=\"elementor-spacer\">\n\t\t\t<div class=\"elementor-spacer-inner\"><\/div>\n\t\t<\/div>\n\t\t\t\t\t\t<\/div>\n\t\t\t\t<\/div>\n\t\t\t\t<div class=\"elementor-element elementor-element-d01a778 sc_fly_static elementor-widget elementor-widget-text-editor\" data-id=\"d01a778\" data-element_type=\"widget\" data-e-type=\"widget\" data-widget_type=\"text-editor.default\">\n\t\t\t\t<div class=\"elementor-widget-container\">\n\t\t\t\t\t\t\t\t\t<p style=\"font-family: Montserrat, sans-serif; font-size: 14px; line-height: 1.74em; font-weight: 400; font-style: normal;\"><span style=\"font-size: 14px; font-weight: 400;\">\u201cEste fue el precursor del cuatro\u201d, coment\u00f3 \u201cCuco\u201d Rivera quien tambi\u00e9n funge como lutier. El mismo explic\u00f3 que Guaraguao y el Maj\u00f3 son algunas de las maderas a utilizadas para la construcci\u00f3n de tiples derivadas de nuestra flora puertorrique\u00f1a. El Guaraguao, por su parte, se utiliza mayormente para el modelo de tiple doliente o tiple contempor\u00e1neo. Cabe destacar que los primeros tiples que se conocen se construyeron por los j\u00edbaros marcando el siglo XIX como el siglo de Oro para el tiple y se crearon con la madera disponible en la isla borincana.\u00a0<\/span><\/p><p style=\"font-family: Montserrat, sans-serif; font-size: 14px; line-height: 1.74em; font-weight: 400; font-style: normal;\"><span style=\"font-size: 14px; font-weight: 400;\">Seg\u00fan \u201cCuco\u201d Rivera este reencuentro busca respaldo para que el tiple contin\u00fae teniendo relevancia y se logre insertar nuevamente en las corrientes actuales de la m\u00fasica popular. \u201cDe ah\u00ed no solo beneficiamos al m\u00fasico, beneficiamos al artesano y a la cultura\u201d, afirm\u00f3.\u00a0<\/span><\/p><p style=\"font-family: Montserrat, sans-serif; font-size: 14px; line-height: 1.74em; font-weight: 400; font-style: normal;\"><span style=\"font-size: 14px; font-weight: 400;\">Una de las charlas colocadas en el itinerario de actividades que se estar\u00e1 llevando a cabo durante el fin de semana es el Ba\u00fal Viajero del Tiple.<\/span><\/p><p style=\"font-family: Montserrat, sans-serif; font-size: 14px; line-height: 1.74em; font-weight: 400; font-style: normal;\"><span style=\"font-size: 14px; font-weight: 400;\">\u201cEs uno de los proyectos que se desarroll\u00f3 en el Movimiento Pro Rescate del Tiple y Pepito Reyes fue el que cre\u00f3 el Ba\u00fal Viajero. Eso es un proyecto dentro del Programa de ba\u00fales viajeros de la Fundaci\u00f3n Puertorrique\u00f1a de las Humanidades. Vamos a tener esa exhibici\u00f3n de esos instrumentos con el ba\u00fal viajero, son cuatro instrumentos y otros instrumentos que le vamos a a\u00f1adir que son instrumentos de Latinoam\u00e9rica, los primos hermanos\u201d, expres\u00f3 Marrero Ocasio.<\/span><\/p><p style=\"font-family: Montserrat, sans-serif; font-size: 14px; line-height: 1.74em; font-weight: 400; font-style: normal;\"><span style=\"font-size: 14px; font-weight: 400;\">Entre los instrumentos de cuerdas tambi\u00e9n contar\u00e1n con el charango, el cuatro venezolano, una bandola andina y hasta un charango en forma de tiple. Por supuesto, en la muestra no faltar\u00e1n los tiples hist\u00f3ricos recopilados durante las investigaciones. Algunos de estos fueron recopilados durante los congresos que se celebraron previamente por el movimiento. En ellos hubo un intercambio cultural que nutri\u00f3 el estudio tanto de los tiples, como de sus variantes.\u00a0<\/span><\/p><p style=\"font-family: Montserrat, sans-serif; font-size: 14px; line-height: 1.74em; font-weight: 400; font-style: normal;\"><span style=\"font-size: 14px; font-weight: 400;\">Las presentaciones musicales estar\u00e1n a cargo por la Orquesta J\u00edbara Dr. Francisco L\u00f3pez Cruz y el Conjunto de Cuerdas de la Escuela de Bellas Artes de Guaynabo, dirigida por Andr\u00e9s Font\u00e1nez, durante el s\u00e1bado 16. Mientras, el domingo 17 contar\u00e1 con Rolando Hern\u00e1ndez y su grupo y cerrar\u00e1 con un merecido junte de \u201ctiplistas\u201d.\u00a0<\/span><\/p><p style=\"font-family: Montserrat, sans-serif; font-size: 14px; line-height: 1.74em; font-weight: 400; font-style: normal;\"><span style=\"font-size: 14px; font-weight: 400;\"><a href=\"https:\/\/culturalpr.com\/event-pro\/reencuentro-con-el-tiple-puertorriqueno\/\">Este evento<\/a>\u00a0es uno gratuito para toda la comunidad y no requiere de reservaci\u00f3n. Dar\u00e1 comienzo desde el mediod\u00eda exponiendo su exhibici\u00f3n durante los dos d\u00edas. Para detalles de itinerario acceder a los eventos de la p\u00e1gina de la Fundaci\u00f3n Nacional para la Cultura Popular.\u00a0<\/span><\/p>\t\t\t\t\t\t\t\t<\/div>\n\t\t\t\t<\/div>\n\t\t\t\t\t<\/div>\n\t\t<\/div>\n\t\t\t\t\t<\/div>\n\t\t<\/section>\n\t\t\t\t<\/div>\n\t\t","protected":false},"excerpt":{"rendered":"<p>El evento es dedicado al autor y m\u00fasico Jos\u00e9 \u201cPepito\u201d Reyes Zamora. En un enorme esfuerzo por recuperar el instrumento musical, este pr\u00f3ximo 16 y 17 de marzo en la Fundaci\u00f3n Nacional para la Cultura Popular albergar\u00e1 el \u201cReencuentro con el Tiple&hellip;<\/p>\n","protected":false},"author":990004,"featured_media":4359,"comment_status":"open","ping_status":"open","sticky":false,"template":"","format":"standard","meta":{"nf_dc_page":"","footnotes":""},"categories":[186,171],"tags":[193],"class_list":["post-4358","post","type-post","status-publish","format-standard","has-post-thumbnail","hentry","category-musica","category-noticias","tag-tiple"],"yoast_head":"<!-- This site is optimized with the Yoast SEO plugin v27.5 - https:\/\/yoast.com\/product\/yoast-seo-wordpress\/ -->\n<title>Reviven el tiple puertorrique\u00f1o - CulturalPR - Noticias<\/title>\n<meta name=\"description\" content=\"El evento es dedicado al autor y m\u00fasico Jos\u00e9 \u201cPepito\u201d Reyes Zamora.\" \/>\n<meta name=\"robots\" content=\"index, follow, max-snippet:-1, max-image-preview:large, max-video-preview:-1\" \/>\n<link rel=\"canonical\" href=\"https:\/\/culturalpr.com\/notas\/reviven-el-tiple-puertorriqueno\/\" \/>\n<meta property=\"og:locale\" content=\"es_ES\" \/>\n<meta property=\"og:type\" content=\"article\" \/>\n<meta property=\"og:title\" content=\"Reviven el tiple puertorrique\u00f1o - CulturalPR - Noticias\" \/>\n<meta property=\"og:description\" content=\"El evento es dedicado al autor y m\u00fasico Jos\u00e9 \u201cPepito\u201d Reyes Zamora.\" \/>\n<meta property=\"og:url\" content=\"https:\/\/culturalpr.com\/notas\/reviven-el-tiple-puertorriqueno\/\" \/>\n<meta property=\"og:site_name\" content=\"CulturalPR - Noticias\" \/>\n<meta property=\"article:publisher\" content=\"https:\/\/www.facebook.com\/culturalpr\" \/>\n<meta property=\"article:published_time\" content=\"2024-03-11T14:46:18+00:00\" \/>\n<meta property=\"article:modified_time\" content=\"2024-04-03T15:30:58+00:00\" \/>\n<meta property=\"og:image\" content=\"https:\/\/culturalpr.com\/notas\/wp-content\/uploads\/2024\/04\/BAUL-DEL-TIPLE-7-MARZO-2024-30-1-scaled1.jpg\" \/>\n\t<meta property=\"og:image:width\" content=\"2560\" \/>\n\t<meta property=\"og:image:height\" content=\"1707\" \/>\n\t<meta property=\"og:image:type\" content=\"image\/jpeg\" \/>\n<meta name=\"author\" content=\"Milca Alamo\" \/>\n<meta name=\"twitter:card\" content=\"summary_large_image\" \/>\n<meta name=\"twitter:creator\" content=\"@PasalaCultural\" \/>\n<meta name=\"twitter:site\" content=\"@PasalaCultural\" \/>\n<meta name=\"twitter:label1\" content=\"Escrito por\" \/>\n\t<meta name=\"twitter:data1\" content=\"Milca Alamo\" \/>\n\t<meta name=\"twitter:label2\" content=\"Tiempo de lectura\" \/>\n\t<meta name=\"twitter:data2\" content=\"3 minutos\" \/>\n<script type=\"application\/ld+json\" class=\"yoast-schema-graph\">{\"@context\":\"https:\\\/\\\/schema.org\",\"@graph\":[{\"@type\":\"Article\",\"@id\":\"https:\\\/\\\/culturalpr.com\\\/notas\\\/reviven-el-tiple-puertorriqueno\\\/#article\",\"isPartOf\":{\"@id\":\"https:\\\/\\\/culturalpr.com\\\/notas\\\/reviven-el-tiple-puertorriqueno\\\/\"},\"author\":{\"name\":\"Milca Alamo\",\"@id\":\"https:\\\/\\\/culturalpr.com\\\/notas\\\/#\\\/schema\\\/person\\\/34a5d9293bb33a32c5b469d9b18935b2\"},\"headline\":\"Reviven el tiple puertorrique\u00f1o\",\"datePublished\":\"2024-03-11T14:46:18+00:00\",\"dateModified\":\"2024-04-03T15:30:58+00:00\",\"mainEntityOfPage\":{\"@id\":\"https:\\\/\\\/culturalpr.com\\\/notas\\\/reviven-el-tiple-puertorriqueno\\\/\"},\"wordCount\":704,\"commentCount\":0,\"publisher\":{\"@id\":\"https:\\\/\\\/culturalpr.com\\\/notas\\\/#organization\"},\"image\":{\"@id\":\"https:\\\/\\\/culturalpr.com\\\/notas\\\/reviven-el-tiple-puertorriqueno\\\/#primaryimage\"},\"thumbnailUrl\":\"https:\\\/\\\/culturalpr.com\\\/notas\\\/wp-content\\\/uploads\\\/2024\\\/04\\\/BAUL-DEL-TIPLE-7-MARZO-2024-30-1-scaled1.jpg\",\"keywords\":[\"tiple\"],\"articleSection\":[\"M\u00daSICA\",\"NOTICIAS\"],\"inLanguage\":\"es\",\"potentialAction\":[{\"@type\":\"CommentAction\",\"name\":\"Comment\",\"target\":[\"https:\\\/\\\/culturalpr.com\\\/notas\\\/reviven-el-tiple-puertorriqueno\\\/#respond\"]}]},{\"@type\":\"WebPage\",\"@id\":\"https:\\\/\\\/culturalpr.com\\\/notas\\\/reviven-el-tiple-puertorriqueno\\\/\",\"url\":\"https:\\\/\\\/culturalpr.com\\\/notas\\\/reviven-el-tiple-puertorriqueno\\\/\",\"name\":\"Reviven el tiple puertorrique\u00f1o - CulturalPR - Noticias\",\"isPartOf\":{\"@id\":\"https:\\\/\\\/culturalpr.com\\\/notas\\\/#website\"},\"primaryImageOfPage\":{\"@id\":\"https:\\\/\\\/culturalpr.com\\\/notas\\\/reviven-el-tiple-puertorriqueno\\\/#primaryimage\"},\"image\":{\"@id\":\"https:\\\/\\\/culturalpr.com\\\/notas\\\/reviven-el-tiple-puertorriqueno\\\/#primaryimage\"},\"thumbnailUrl\":\"https:\\\/\\\/culturalpr.com\\\/notas\\\/wp-content\\\/uploads\\\/2024\\\/04\\\/BAUL-DEL-TIPLE-7-MARZO-2024-30-1-scaled1.jpg\",\"datePublished\":\"2024-03-11T14:46:18+00:00\",\"dateModified\":\"2024-04-03T15:30:58+00:00\",\"description\":\"El evento es dedicado al autor y m\u00fasico Jos\u00e9 \u201cPepito\u201d Reyes Zamora.\",\"breadcrumb\":{\"@id\":\"https:\\\/\\\/culturalpr.com\\\/notas\\\/reviven-el-tiple-puertorriqueno\\\/#breadcrumb\"},\"inLanguage\":\"es\",\"potentialAction\":[{\"@type\":\"ReadAction\",\"target\":[\"https:\\\/\\\/culturalpr.com\\\/notas\\\/reviven-el-tiple-puertorriqueno\\\/\"]}]},{\"@type\":\"ImageObject\",\"inLanguage\":\"es\",\"@id\":\"https:\\\/\\\/culturalpr.com\\\/notas\\\/reviven-el-tiple-puertorriqueno\\\/#primaryimage\",\"url\":\"https:\\\/\\\/culturalpr.com\\\/notas\\\/wp-content\\\/uploads\\\/2024\\\/04\\\/BAUL-DEL-TIPLE-7-MARZO-2024-30-1-scaled1.jpg\",\"contentUrl\":\"https:\\\/\\\/culturalpr.com\\\/notas\\\/wp-content\\\/uploads\\\/2024\\\/04\\\/BAUL-DEL-TIPLE-7-MARZO-2024-30-1-scaled1.jpg\",\"width\":2560,\"height\":1707,\"caption\":\"Francisco \u201cPaquito\u201d Marrero Ocasio y Jos\u00e9 \u201cCuco\u201d Rivera fueron parte del Movimiento Pro Rescate del Tiple Puertorrique\u00f1o. (Fotos: Ana Mar\u00eda Abru\u00f1a \\\/ Para Culturalpr.com)\"},{\"@type\":\"BreadcrumbList\",\"@id\":\"https:\\\/\\\/culturalpr.com\\\/notas\\\/reviven-el-tiple-puertorriqueno\\\/#breadcrumb\",\"itemListElement\":[{\"@type\":\"ListItem\",\"position\":1,\"name\":\"Home\",\"item\":\"https:\\\/\\\/culturalpr.com\\\/notas\\\/\"},{\"@type\":\"ListItem\",\"position\":2,\"name\":\"Reviven el tiple puertorrique\u00f1o\"}]},{\"@type\":\"WebSite\",\"@id\":\"https:\\\/\\\/culturalpr.com\\\/notas\\\/#website\",\"url\":\"https:\\\/\\\/culturalpr.com\\\/notas\\\/\",\"name\":\"CulturalPR - Noticias\",\"description\":\"Puerto Rico\",\"publisher\":{\"@id\":\"https:\\\/\\\/culturalpr.com\\\/notas\\\/#organization\"},\"potentialAction\":[{\"@type\":\"SearchAction\",\"target\":{\"@type\":\"EntryPoint\",\"urlTemplate\":\"https:\\\/\\\/culturalpr.com\\\/notas\\\/?s={search_term_string}\"},\"query-input\":{\"@type\":\"PropertyValueSpecification\",\"valueRequired\":true,\"valueName\":\"search_term_string\"}}],\"inLanguage\":\"es\"},{\"@type\":\"Organization\",\"@id\":\"https:\\\/\\\/culturalpr.com\\\/notas\\\/#organization\",\"name\":\"CulturalPR - Noticias\",\"url\":\"https:\\\/\\\/culturalpr.com\\\/notas\\\/\",\"logo\":{\"@type\":\"ImageObject\",\"inLanguage\":\"es\",\"@id\":\"https:\\\/\\\/culturalpr.com\\\/notas\\\/#\\\/schema\\\/logo\\\/image\\\/\",\"url\":\"https:\\\/\\\/culturalpr.com\\\/notas\\\/wp-content\\\/uploads\\\/2024\\\/03\\\/Untitled-design.png\",\"contentUrl\":\"https:\\\/\\\/culturalpr.com\\\/notas\\\/wp-content\\\/uploads\\\/2024\\\/03\\\/Untitled-design.png\",\"width\":940,\"height\":788,\"caption\":\"CulturalPR - Noticias\"},\"image\":{\"@id\":\"https:\\\/\\\/culturalpr.com\\\/notas\\\/#\\\/schema\\\/logo\\\/image\\\/\"},\"sameAs\":[\"https:\\\/\\\/www.facebook.com\\\/culturalpr\",\"https:\\\/\\\/x.com\\\/PasalaCultural\",\"https:\\\/\\\/www.instagram.com\\\/culturalpr\\\/\"]},{\"@type\":\"Person\",\"@id\":\"https:\\\/\\\/culturalpr.com\\\/notas\\\/#\\\/schema\\\/person\\\/34a5d9293bb33a32c5b469d9b18935b2\",\"name\":\"Milca Alamo\",\"image\":{\"@type\":\"ImageObject\",\"inLanguage\":\"es\",\"@id\":\"https:\\\/\\\/secure.gravatar.com\\\/avatar\\\/2aa08d2f3c5735e0a741dce7863193e66ad8a0943651f2f02984069923cfd104?s=96&d=mm&r=g\",\"url\":\"https:\\\/\\\/secure.gravatar.com\\\/avatar\\\/2aa08d2f3c5735e0a741dce7863193e66ad8a0943651f2f02984069923cfd104?s=96&d=mm&r=g\",\"contentUrl\":\"https:\\\/\\\/secure.gravatar.com\\\/avatar\\\/2aa08d2f3c5735e0a741dce7863193e66ad8a0943651f2f02984069923cfd104?s=96&d=mm&r=g\",\"caption\":\"Milca Alamo\"},\"sameAs\":[\"http:\\\/\\\/\u00c1lamo\"],\"url\":\"https:\\\/\\\/culturalpr.com\\\/notas\\\/author\\\/milcaalamo\\\/\"}]}<\/script>\n<!-- \/ Yoast SEO plugin. -->","yoast_head_json":{"title":"Reviven el tiple puertorrique\u00f1o - CulturalPR - Noticias","description":"El evento es dedicado al autor y m\u00fasico Jos\u00e9 \u201cPepito\u201d Reyes Zamora.","robots":{"index":"index","follow":"follow","max-snippet":"max-snippet:-1","max-image-preview":"max-image-preview:large","max-video-preview":"max-video-preview:-1"},"canonical":"https:\/\/culturalpr.com\/notas\/reviven-el-tiple-puertorriqueno\/","og_locale":"es_ES","og_type":"article","og_title":"Reviven el tiple puertorrique\u00f1o - CulturalPR - Noticias","og_description":"El evento es dedicado al autor y m\u00fasico Jos\u00e9 \u201cPepito\u201d Reyes Zamora.","og_url":"https:\/\/culturalpr.com\/notas\/reviven-el-tiple-puertorriqueno\/","og_site_name":"CulturalPR - Noticias","article_publisher":"https:\/\/www.facebook.com\/culturalpr","article_published_time":"2024-03-11T14:46:18+00:00","article_modified_time":"2024-04-03T15:30:58+00:00","og_image":[{"width":2560,"height":1707,"url":"https:\/\/culturalpr.com\/notas\/wp-content\/uploads\/2024\/04\/BAUL-DEL-TIPLE-7-MARZO-2024-30-1-scaled1.jpg","type":"image\/jpeg"}],"author":"Milca Alamo","twitter_card":"summary_large_image","twitter_creator":"@PasalaCultural","twitter_site":"@PasalaCultural","twitter_misc":{"Escrito por":"Milca Alamo","Tiempo de lectura":"3 minutos"},"schema":{"@context":"https:\/\/schema.org","@graph":[{"@type":"Article","@id":"https:\/\/culturalpr.com\/notas\/reviven-el-tiple-puertorriqueno\/#article","isPartOf":{"@id":"https:\/\/culturalpr.com\/notas\/reviven-el-tiple-puertorriqueno\/"},"author":{"name":"Milca Alamo","@id":"https:\/\/culturalpr.com\/notas\/#\/schema\/person\/34a5d9293bb33a32c5b469d9b18935b2"},"headline":"Reviven el tiple puertorrique\u00f1o","datePublished":"2024-03-11T14:46:18+00:00","dateModified":"2024-04-03T15:30:58+00:00","mainEntityOfPage":{"@id":"https:\/\/culturalpr.com\/notas\/reviven-el-tiple-puertorriqueno\/"},"wordCount":704,"commentCount":0,"publisher":{"@id":"https:\/\/culturalpr.com\/notas\/#organization"},"image":{"@id":"https:\/\/culturalpr.com\/notas\/reviven-el-tiple-puertorriqueno\/#primaryimage"},"thumbnailUrl":"https:\/\/culturalpr.com\/notas\/wp-content\/uploads\/2024\/04\/BAUL-DEL-TIPLE-7-MARZO-2024-30-1-scaled1.jpg","keywords":["tiple"],"articleSection":["M\u00daSICA","NOTICIAS"],"inLanguage":"es","potentialAction":[{"@type":"CommentAction","name":"Comment","target":["https:\/\/culturalpr.com\/notas\/reviven-el-tiple-puertorriqueno\/#respond"]}]},{"@type":"WebPage","@id":"https:\/\/culturalpr.com\/notas\/reviven-el-tiple-puertorriqueno\/","url":"https:\/\/culturalpr.com\/notas\/reviven-el-tiple-puertorriqueno\/","name":"Reviven el tiple puertorrique\u00f1o - CulturalPR - Noticias","isPartOf":{"@id":"https:\/\/culturalpr.com\/notas\/#website"},"primaryImageOfPage":{"@id":"https:\/\/culturalpr.com\/notas\/reviven-el-tiple-puertorriqueno\/#primaryimage"},"image":{"@id":"https:\/\/culturalpr.com\/notas\/reviven-el-tiple-puertorriqueno\/#primaryimage"},"thumbnailUrl":"https:\/\/culturalpr.com\/notas\/wp-content\/uploads\/2024\/04\/BAUL-DEL-TIPLE-7-MARZO-2024-30-1-scaled1.jpg","datePublished":"2024-03-11T14:46:18+00:00","dateModified":"2024-04-03T15:30:58+00:00","description":"El evento es dedicado al autor y m\u00fasico Jos\u00e9 \u201cPepito\u201d Reyes Zamora.","breadcrumb":{"@id":"https:\/\/culturalpr.com\/notas\/reviven-el-tiple-puertorriqueno\/#breadcrumb"},"inLanguage":"es","potentialAction":[{"@type":"ReadAction","target":["https:\/\/culturalpr.com\/notas\/reviven-el-tiple-puertorriqueno\/"]}]},{"@type":"ImageObject","inLanguage":"es","@id":"https:\/\/culturalpr.com\/notas\/reviven-el-tiple-puertorriqueno\/#primaryimage","url":"https:\/\/culturalpr.com\/notas\/wp-content\/uploads\/2024\/04\/BAUL-DEL-TIPLE-7-MARZO-2024-30-1-scaled1.jpg","contentUrl":"https:\/\/culturalpr.com\/notas\/wp-content\/uploads\/2024\/04\/BAUL-DEL-TIPLE-7-MARZO-2024-30-1-scaled1.jpg","width":2560,"height":1707,"caption":"Francisco \u201cPaquito\u201d Marrero Ocasio y Jos\u00e9 \u201cCuco\u201d Rivera fueron parte del Movimiento Pro Rescate del Tiple Puertorrique\u00f1o. (Fotos: Ana Mar\u00eda Abru\u00f1a \/ Para Culturalpr.com)"},{"@type":"BreadcrumbList","@id":"https:\/\/culturalpr.com\/notas\/reviven-el-tiple-puertorriqueno\/#breadcrumb","itemListElement":[{"@type":"ListItem","position":1,"name":"Home","item":"https:\/\/culturalpr.com\/notas\/"},{"@type":"ListItem","position":2,"name":"Reviven el tiple puertorrique\u00f1o"}]},{"@type":"WebSite","@id":"https:\/\/culturalpr.com\/notas\/#website","url":"https:\/\/culturalpr.com\/notas\/","name":"CulturalPR - Noticias","description":"Puerto Rico","publisher":{"@id":"https:\/\/culturalpr.com\/notas\/#organization"},"potentialAction":[{"@type":"SearchAction","target":{"@type":"EntryPoint","urlTemplate":"https:\/\/culturalpr.com\/notas\/?s={search_term_string}"},"query-input":{"@type":"PropertyValueSpecification","valueRequired":true,"valueName":"search_term_string"}}],"inLanguage":"es"},{"@type":"Organization","@id":"https:\/\/culturalpr.com\/notas\/#organization","name":"CulturalPR - Noticias","url":"https:\/\/culturalpr.com\/notas\/","logo":{"@type":"ImageObject","inLanguage":"es","@id":"https:\/\/culturalpr.com\/notas\/#\/schema\/logo\/image\/","url":"https:\/\/culturalpr.com\/notas\/wp-content\/uploads\/2024\/03\/Untitled-design.png","contentUrl":"https:\/\/culturalpr.com\/notas\/wp-content\/uploads\/2024\/03\/Untitled-design.png","width":940,"height":788,"caption":"CulturalPR - Noticias"},"image":{"@id":"https:\/\/culturalpr.com\/notas\/#\/schema\/logo\/image\/"},"sameAs":["https:\/\/www.facebook.com\/culturalpr","https:\/\/x.com\/PasalaCultural","https:\/\/www.instagram.com\/culturalpr\/"]},{"@type":"Person","@id":"https:\/\/culturalpr.com\/notas\/#\/schema\/person\/34a5d9293bb33a32c5b469d9b18935b2","name":"Milca Alamo","image":{"@type":"ImageObject","inLanguage":"es","@id":"https:\/\/secure.gravatar.com\/avatar\/2aa08d2f3c5735e0a741dce7863193e66ad8a0943651f2f02984069923cfd104?s=96&d=mm&r=g","url":"https:\/\/secure.gravatar.com\/avatar\/2aa08d2f3c5735e0a741dce7863193e66ad8a0943651f2f02984069923cfd104?s=96&d=mm&r=g","contentUrl":"https:\/\/secure.gravatar.com\/avatar\/2aa08d2f3c5735e0a741dce7863193e66ad8a0943651f2f02984069923cfd104?s=96&d=mm&r=g","caption":"Milca Alamo"},"sameAs":["http:\/\/\u00c1lamo"],"url":"https:\/\/culturalpr.com\/notas\/author\/milcaalamo\/"}]}},"views":523,"_links":{"self":[{"href":"https:\/\/culturalpr.com\/notas\/wp-json\/wp\/v2\/posts\/4358","targetHints":{"allow":["GET"]}}],"collection":[{"href":"https:\/\/culturalpr.com\/notas\/wp-json\/wp\/v2\/posts"}],"about":[{"href":"https:\/\/culturalpr.com\/notas\/wp-json\/wp\/v2\/types\/post"}],"author":[{"embeddable":true,"href":"https:\/\/culturalpr.com\/notas\/wp-json\/wp\/v2\/users\/990004"}],"replies":[{"embeddable":true,"href":"https:\/\/culturalpr.com\/notas\/wp-json\/wp\/v2\/comments?post=4358"}],"version-history":[{"count":4,"href":"https:\/\/culturalpr.com\/notas\/wp-json\/wp\/v2\/posts\/4358\/revisions"}],"predecessor-version":[{"id":4373,"href":"https:\/\/culturalpr.com\/notas\/wp-json\/wp\/v2\/posts\/4358\/revisions\/4373"}],"wp:featuredmedia":[{"embeddable":true,"href":"https:\/\/culturalpr.com\/notas\/wp-json\/wp\/v2\/media\/4359"}],"wp:attachment":[{"href":"https:\/\/culturalpr.com\/notas\/wp-json\/wp\/v2\/media?parent=4358"}],"wp:term":[{"taxonomy":"category","embeddable":true,"href":"https:\/\/culturalpr.com\/notas\/wp-json\/wp\/v2\/categories?post=4358"},{"taxonomy":"post_tag","embeddable":true,"href":"https:\/\/culturalpr.com\/notas\/wp-json\/wp\/v2\/tags?post=4358"}],"curies":[{"name":"wp","href":"https:\/\/api.w.org\/{rel}","templated":true}]}}