{"id":5928,"date":"2025-05-16T16:40:43","date_gmt":"2025-05-16T20:40:43","guid":{"rendered":"https:\/\/culturalpr.com\/notas\/?p=5928"},"modified":"2025-05-16T16:41:21","modified_gmt":"2025-05-16T20:41:21","slug":"icp-celebra-el-dia-internacional-de-los-museos","status":"publish","type":"post","link":"https:\/\/culturalpr.com\/notas\/icp-celebra-el-dia-internacional-de-los-museos\/","title":{"rendered":"ICP celebra el D\u00eda Internacional de los Museos"},"content":{"rendered":"<p>El Instituto de Cultura Puertorrique\u00f1a (ICP) anunci\u00f3 una serie de actividades gratuitas que se llevar\u00e1n a cabo este fin de semana en algunos de sus museos y parques en San Juan, Barranquitas, Utuado y San Germ\u00e1n para celebrar el D\u00eda Internacional de los Museos. La celebraci\u00f3n de ese d\u00eda fue creada en 1977 por el Consejo Internacional de Museos (ICOM) para promover el conocimiento y la importancia de los museos.<\/p>\n<p>El Instituto de Cultura Puertorrique\u00f1a (ICP) anunci\u00f3 una serie de actividades gratuitas que se llevar\u00e1n a cabo este fin de semana en algunos de sus museos y parques en San Juan, Barranquitas, Utuado y San Germ\u00e1n para celebrar el D\u00eda Internacional de los Museos. La celebraci\u00f3n de ese d\u00eda fue creada en 1977 por el Consejo Internacional de Museos (ICOM) para promover el conocimiento y la importancia de los museos.<\/p>\n<p>Cada a\u00f1o, con el D\u00eda Internacional de los Museos se busca concienciar la importancia, desarrollo y aportaci\u00f3n cultural de los pueblos. Este a\u00f1o, se buscar visibilizar el papel que representan los museos en las econom\u00edas locales, las oportunidades de empleo y el desarrollo sostenible como centros culturales.<\/p>\n<p>El s\u00e1bado, 17 de mayo, a las 2:00 pm, en el Mausoleo de la familia Mu\u00f1oz Rivera de Barranquitas se realizar\u00e1 una lectura de cuentos al aire libre bajo el t\u00edtulo Historias entre la Historia, con la participaci\u00f3n de la organizaci\u00f3n Lee Conmigo. La programaci\u00f3n continuar\u00e1 el domingo, 18 de mayo, en el Centro Ceremonial Ind\u00edgena de Caguana en Utuado, con actividades desde la 1:30 pm, iniciando con la conferencia Entre bateyes y petroglifos: nuevas perspectivas arqueol\u00f3gicas de Caguana a cargo del Dr. Reniel Rodr\u00edguez. Mientras, a las 3:00 pm, el p\u00fablico podr\u00e1 disfrutar de una ceremonia de areyto, que resalta las costumbres de nuestros ancestros ta\u00ednos. Ese mismo d\u00eda en el Museo de Arte Religioso Porta Coeli en San Germ\u00e1n, tambi\u00e9n se llevar\u00e1n a cabo actividades para conmemorar el D\u00eda Internacional de los Museos. A las 2:00 pm, se celebrar\u00e1 \u00a1Nuestra M\u00fasica T\u00edpica Vive! con el cuatrista y trovador puertorrique\u00f1o Irving Santiago. Mientras, simult\u00e1neamente a las 2:00 pm en los jardines del Museo Casa Blanca en Viejo San Juan se llevar\u00e1 a cabo Taller de Bomba \u201cPies que hablan\u201d con Marcos Pe\u00f1aloza y la Compa\u00f1\u00eda Folcl\u00f3rica de Lo\u00edza.<\/p>\n<p>El D\u00eda Internacional de los Museos re\u00fane a la comunidad muse\u00edstica internacional con eventos culturales que promueven el conocimiento, intercambio y la diversidad cultural. Se busca crear conciencia sobre la importancia de la cultura de cada uno de los pa\u00edses.<\/p>\n<h6>Descarga la gu\u00eda de Ruta de los Museos:\u00a0<a href=\"https:\/\/culturalpr.com\/notas\/wp-content\/uploads\/2025\/05\/Ruta-Museos-web.pdf\">Ruta Museos-web<\/a><\/h6>\n","protected":false},"excerpt":{"rendered":"<p>El Instituto de Cultura Puertorrique\u00f1a (ICP) anunci\u00f3 una serie de actividades gratuitas que se llevar\u00e1n a cabo este fin de semana en algunos de sus museos y parques en San Juan, Barranquitas, Utuado y San Germ\u00e1n para celebrar el D\u00eda Internacional de&hellip;<\/p>\n","protected":false},"author":990002,"featured_media":5246,"comment_status":"open","ping_status":"open","sticky":false,"template":"","format":"standard","meta":{"nf_dc_page":"","footnotes":""},"categories":[54,203],"tags":[],"class_list":["post-5928","post","type-post","status-publish","format-standard","has-post-thumbnail","hentry","category-destacados","category-museos"],"yoast_head":"<!-- This site is optimized with the Yoast SEO plugin v27.4 - https:\/\/yoast.com\/product\/yoast-seo-wordpress\/ -->\n<title>ICP celebra el D\u00eda Internacional de los Museos - CulturalPR - Noticias<\/title>\n<meta name=\"robots\" content=\"index, follow, max-snippet:-1, max-image-preview:large, max-video-preview:-1\" \/>\n<link rel=\"canonical\" href=\"https:\/\/culturalpr.com\/notas\/icp-celebra-el-dia-internacional-de-los-museos\/\" \/>\n<meta property=\"og:locale\" content=\"es_ES\" \/>\n<meta property=\"og:type\" content=\"article\" \/>\n<meta property=\"og:title\" content=\"ICP celebra el D\u00eda Internacional de los Museos - CulturalPR - Noticias\" \/>\n<meta property=\"og:description\" content=\"El Instituto de Cultura Puertorrique\u00f1a (ICP) anunci\u00f3 una serie de actividades gratuitas que se llevar\u00e1n a cabo este fin de semana en algunos de sus museos y parques en San Juan, Barranquitas, Utuado y San Germ\u00e1n para celebrar el D\u00eda Internacional de&hellip;\" \/>\n<meta property=\"og:url\" content=\"https:\/\/culturalpr.com\/notas\/icp-celebra-el-dia-internacional-de-los-museos\/\" \/>\n<meta property=\"og:site_name\" content=\"CulturalPR - Noticias\" \/>\n<meta property=\"article:publisher\" content=\"https:\/\/www.facebook.com\/culturalpr\" \/>\n<meta property=\"article:published_time\" content=\"2025-05-16T20:40:43+00:00\" \/>\n<meta property=\"article:modified_time\" content=\"2025-05-16T20:41:21+00:00\" \/>\n<meta property=\"og:image\" content=\"https:\/\/culturalpr.com\/notas\/wp-content\/uploads\/2024\/11\/caguana.jpg\" \/>\n\t<meta property=\"og:image:width\" content=\"2048\" \/>\n\t<meta property=\"og:image:height\" content=\"1536\" \/>\n\t<meta property=\"og:image:type\" content=\"image\/jpeg\" \/>\n<meta name=\"author\" content=\"Rosalba Medina\" \/>\n<meta name=\"twitter:card\" content=\"summary_large_image\" \/>\n<meta name=\"twitter:creator\" content=\"@PasalaCultural\" \/>\n<meta name=\"twitter:site\" content=\"@PasalaCultural\" \/>\n<meta name=\"twitter:label1\" content=\"Escrito por\" \/>\n\t<meta name=\"twitter:data1\" content=\"Rosalba Medina\" \/>\n\t<meta name=\"twitter:label2\" content=\"Tiempo de lectura\" \/>\n\t<meta name=\"twitter:data2\" content=\"3 minutos\" \/>\n<script type=\"application\/ld+json\" class=\"yoast-schema-graph\">{\"@context\":\"https:\\\/\\\/schema.org\",\"@graph\":[{\"@type\":\"Article\",\"@id\":\"https:\\\/\\\/culturalpr.com\\\/notas\\\/icp-celebra-el-dia-internacional-de-los-museos\\\/#article\",\"isPartOf\":{\"@id\":\"https:\\\/\\\/culturalpr.com\\\/notas\\\/icp-celebra-el-dia-internacional-de-los-museos\\\/\"},\"author\":{\"name\":\"Rosalba Medina\",\"@id\":\"https:\\\/\\\/culturalpr.com\\\/notas\\\/#\\\/schema\\\/person\\\/fcbcffce6aa09e518334849b38486e54\"},\"headline\":\"ICP celebra el D\u00eda Internacional de los Museos\",\"datePublished\":\"2025-05-16T20:40:43+00:00\",\"dateModified\":\"2025-05-16T20:41:21+00:00\",\"mainEntityOfPage\":{\"@id\":\"https:\\\/\\\/culturalpr.com\\\/notas\\\/icp-celebra-el-dia-internacional-de-los-museos\\\/\"},\"wordCount\":472,\"commentCount\":0,\"publisher\":{\"@id\":\"https:\\\/\\\/culturalpr.com\\\/notas\\\/#organization\"},\"image\":{\"@id\":\"https:\\\/\\\/culturalpr.com\\\/notas\\\/icp-celebra-el-dia-internacional-de-los-museos\\\/#primaryimage\"},\"thumbnailUrl\":\"https:\\\/\\\/culturalpr.com\\\/notas\\\/wp-content\\\/uploads\\\/2024\\\/11\\\/caguana.jpg\",\"articleSection\":[\"DESTACADOS\",\"MUSEOS\"],\"inLanguage\":\"es\",\"potentialAction\":[{\"@type\":\"CommentAction\",\"name\":\"Comment\",\"target\":[\"https:\\\/\\\/culturalpr.com\\\/notas\\\/icp-celebra-el-dia-internacional-de-los-museos\\\/#respond\"]}]},{\"@type\":\"WebPage\",\"@id\":\"https:\\\/\\\/culturalpr.com\\\/notas\\\/icp-celebra-el-dia-internacional-de-los-museos\\\/\",\"url\":\"https:\\\/\\\/culturalpr.com\\\/notas\\\/icp-celebra-el-dia-internacional-de-los-museos\\\/\",\"name\":\"ICP celebra el D\u00eda Internacional de los Museos - CulturalPR - Noticias\",\"isPartOf\":{\"@id\":\"https:\\\/\\\/culturalpr.com\\\/notas\\\/#website\"},\"primaryImageOfPage\":{\"@id\":\"https:\\\/\\\/culturalpr.com\\\/notas\\\/icp-celebra-el-dia-internacional-de-los-museos\\\/#primaryimage\"},\"image\":{\"@id\":\"https:\\\/\\\/culturalpr.com\\\/notas\\\/icp-celebra-el-dia-internacional-de-los-museos\\\/#primaryimage\"},\"thumbnailUrl\":\"https:\\\/\\\/culturalpr.com\\\/notas\\\/wp-content\\\/uploads\\\/2024\\\/11\\\/caguana.jpg\",\"datePublished\":\"2025-05-16T20:40:43+00:00\",\"dateModified\":\"2025-05-16T20:41:21+00:00\",\"breadcrumb\":{\"@id\":\"https:\\\/\\\/culturalpr.com\\\/notas\\\/icp-celebra-el-dia-internacional-de-los-museos\\\/#breadcrumb\"},\"inLanguage\":\"es\",\"potentialAction\":[{\"@type\":\"ReadAction\",\"target\":[\"https:\\\/\\\/culturalpr.com\\\/notas\\\/icp-celebra-el-dia-internacional-de-los-museos\\\/\"]}]},{\"@type\":\"ImageObject\",\"inLanguage\":\"es\",\"@id\":\"https:\\\/\\\/culturalpr.com\\\/notas\\\/icp-celebra-el-dia-internacional-de-los-museos\\\/#primaryimage\",\"url\":\"https:\\\/\\\/culturalpr.com\\\/notas\\\/wp-content\\\/uploads\\\/2024\\\/11\\\/caguana.jpg\",\"contentUrl\":\"https:\\\/\\\/culturalpr.com\\\/notas\\\/wp-content\\\/uploads\\\/2024\\\/11\\\/caguana.jpg\",\"width\":2048,\"height\":1536},{\"@type\":\"BreadcrumbList\",\"@id\":\"https:\\\/\\\/culturalpr.com\\\/notas\\\/icp-celebra-el-dia-internacional-de-los-museos\\\/#breadcrumb\",\"itemListElement\":[{\"@type\":\"ListItem\",\"position\":1,\"name\":\"Home\",\"item\":\"https:\\\/\\\/culturalpr.com\\\/notas\\\/\"},{\"@type\":\"ListItem\",\"position\":2,\"name\":\"ICP celebra el D\u00eda Internacional de los Museos\"}]},{\"@type\":\"WebSite\",\"@id\":\"https:\\\/\\\/culturalpr.com\\\/notas\\\/#website\",\"url\":\"https:\\\/\\\/culturalpr.com\\\/notas\\\/\",\"name\":\"CulturalPR - Noticias\",\"description\":\"Puerto Rico\",\"publisher\":{\"@id\":\"https:\\\/\\\/culturalpr.com\\\/notas\\\/#organization\"},\"potentialAction\":[{\"@type\":\"SearchAction\",\"target\":{\"@type\":\"EntryPoint\",\"urlTemplate\":\"https:\\\/\\\/culturalpr.com\\\/notas\\\/?s={search_term_string}\"},\"query-input\":{\"@type\":\"PropertyValueSpecification\",\"valueRequired\":true,\"valueName\":\"search_term_string\"}}],\"inLanguage\":\"es\"},{\"@type\":\"Organization\",\"@id\":\"https:\\\/\\\/culturalpr.com\\\/notas\\\/#organization\",\"name\":\"CulturalPR - Noticias\",\"url\":\"https:\\\/\\\/culturalpr.com\\\/notas\\\/\",\"logo\":{\"@type\":\"ImageObject\",\"inLanguage\":\"es\",\"@id\":\"https:\\\/\\\/culturalpr.com\\\/notas\\\/#\\\/schema\\\/logo\\\/image\\\/\",\"url\":\"https:\\\/\\\/culturalpr.com\\\/notas\\\/wp-content\\\/uploads\\\/2024\\\/03\\\/Untitled-design.png\",\"contentUrl\":\"https:\\\/\\\/culturalpr.com\\\/notas\\\/wp-content\\\/uploads\\\/2024\\\/03\\\/Untitled-design.png\",\"width\":940,\"height\":788,\"caption\":\"CulturalPR - Noticias\"},\"image\":{\"@id\":\"https:\\\/\\\/culturalpr.com\\\/notas\\\/#\\\/schema\\\/logo\\\/image\\\/\"},\"sameAs\":[\"https:\\\/\\\/www.facebook.com\\\/culturalpr\",\"https:\\\/\\\/x.com\\\/PasalaCultural\",\"https:\\\/\\\/www.instagram.com\\\/culturalpr\\\/\"]},{\"@type\":\"Person\",\"@id\":\"https:\\\/\\\/culturalpr.com\\\/notas\\\/#\\\/schema\\\/person\\\/fcbcffce6aa09e518334849b38486e54\",\"name\":\"Rosalba Medina\",\"image\":{\"@type\":\"ImageObject\",\"inLanguage\":\"es\",\"@id\":\"https:\\\/\\\/secure.gravatar.com\\\/avatar\\\/2803a8602f74f9b5a53ce7e64cbade1dd09ac45aab49c75e6b85bdd91dc93b21?s=96&d=mm&r=g\",\"url\":\"https:\\\/\\\/secure.gravatar.com\\\/avatar\\\/2803a8602f74f9b5a53ce7e64cbade1dd09ac45aab49c75e6b85bdd91dc93b21?s=96&d=mm&r=g\",\"contentUrl\":\"https:\\\/\\\/secure.gravatar.com\\\/avatar\\\/2803a8602f74f9b5a53ce7e64cbade1dd09ac45aab49c75e6b85bdd91dc93b21?s=96&d=mm&r=g\",\"caption\":\"Rosalba Medina\"},\"url\":\"https:\\\/\\\/culturalpr.com\\\/notas\\\/author\\\/rosalba\\\/\"}]}<\/script>\n<!-- \/ Yoast SEO plugin. -->","yoast_head_json":{"title":"ICP celebra el D\u00eda Internacional de los Museos - CulturalPR - Noticias","robots":{"index":"index","follow":"follow","max-snippet":"max-snippet:-1","max-image-preview":"max-image-preview:large","max-video-preview":"max-video-preview:-1"},"canonical":"https:\/\/culturalpr.com\/notas\/icp-celebra-el-dia-internacional-de-los-museos\/","og_locale":"es_ES","og_type":"article","og_title":"ICP celebra el D\u00eda Internacional de los Museos - CulturalPR - Noticias","og_description":"El Instituto de Cultura Puertorrique\u00f1a (ICP) anunci\u00f3 una serie de actividades gratuitas que se llevar\u00e1n a cabo este fin de semana en algunos de sus museos y parques en San Juan, Barranquitas, Utuado y San Germ\u00e1n para celebrar el D\u00eda Internacional de&hellip;","og_url":"https:\/\/culturalpr.com\/notas\/icp-celebra-el-dia-internacional-de-los-museos\/","og_site_name":"CulturalPR - Noticias","article_publisher":"https:\/\/www.facebook.com\/culturalpr","article_published_time":"2025-05-16T20:40:43+00:00","article_modified_time":"2025-05-16T20:41:21+00:00","og_image":[{"width":2048,"height":1536,"url":"https:\/\/culturalpr.com\/notas\/wp-content\/uploads\/2024\/11\/caguana.jpg","type":"image\/jpeg"}],"author":"Rosalba Medina","twitter_card":"summary_large_image","twitter_creator":"@PasalaCultural","twitter_site":"@PasalaCultural","twitter_misc":{"Escrito por":"Rosalba Medina","Tiempo de lectura":"3 minutos"},"schema":{"@context":"https:\/\/schema.org","@graph":[{"@type":"Article","@id":"https:\/\/culturalpr.com\/notas\/icp-celebra-el-dia-internacional-de-los-museos\/#article","isPartOf":{"@id":"https:\/\/culturalpr.com\/notas\/icp-celebra-el-dia-internacional-de-los-museos\/"},"author":{"name":"Rosalba Medina","@id":"https:\/\/culturalpr.com\/notas\/#\/schema\/person\/fcbcffce6aa09e518334849b38486e54"},"headline":"ICP celebra el D\u00eda Internacional de los Museos","datePublished":"2025-05-16T20:40:43+00:00","dateModified":"2025-05-16T20:41:21+00:00","mainEntityOfPage":{"@id":"https:\/\/culturalpr.com\/notas\/icp-celebra-el-dia-internacional-de-los-museos\/"},"wordCount":472,"commentCount":0,"publisher":{"@id":"https:\/\/culturalpr.com\/notas\/#organization"},"image":{"@id":"https:\/\/culturalpr.com\/notas\/icp-celebra-el-dia-internacional-de-los-museos\/#primaryimage"},"thumbnailUrl":"https:\/\/culturalpr.com\/notas\/wp-content\/uploads\/2024\/11\/caguana.jpg","articleSection":["DESTACADOS","MUSEOS"],"inLanguage":"es","potentialAction":[{"@type":"CommentAction","name":"Comment","target":["https:\/\/culturalpr.com\/notas\/icp-celebra-el-dia-internacional-de-los-museos\/#respond"]}]},{"@type":"WebPage","@id":"https:\/\/culturalpr.com\/notas\/icp-celebra-el-dia-internacional-de-los-museos\/","url":"https:\/\/culturalpr.com\/notas\/icp-celebra-el-dia-internacional-de-los-museos\/","name":"ICP celebra el D\u00eda Internacional de los Museos - CulturalPR - Noticias","isPartOf":{"@id":"https:\/\/culturalpr.com\/notas\/#website"},"primaryImageOfPage":{"@id":"https:\/\/culturalpr.com\/notas\/icp-celebra-el-dia-internacional-de-los-museos\/#primaryimage"},"image":{"@id":"https:\/\/culturalpr.com\/notas\/icp-celebra-el-dia-internacional-de-los-museos\/#primaryimage"},"thumbnailUrl":"https:\/\/culturalpr.com\/notas\/wp-content\/uploads\/2024\/11\/caguana.jpg","datePublished":"2025-05-16T20:40:43+00:00","dateModified":"2025-05-16T20:41:21+00:00","breadcrumb":{"@id":"https:\/\/culturalpr.com\/notas\/icp-celebra-el-dia-internacional-de-los-museos\/#breadcrumb"},"inLanguage":"es","potentialAction":[{"@type":"ReadAction","target":["https:\/\/culturalpr.com\/notas\/icp-celebra-el-dia-internacional-de-los-museos\/"]}]},{"@type":"ImageObject","inLanguage":"es","@id":"https:\/\/culturalpr.com\/notas\/icp-celebra-el-dia-internacional-de-los-museos\/#primaryimage","url":"https:\/\/culturalpr.com\/notas\/wp-content\/uploads\/2024\/11\/caguana.jpg","contentUrl":"https:\/\/culturalpr.com\/notas\/wp-content\/uploads\/2024\/11\/caguana.jpg","width":2048,"height":1536},{"@type":"BreadcrumbList","@id":"https:\/\/culturalpr.com\/notas\/icp-celebra-el-dia-internacional-de-los-museos\/#breadcrumb","itemListElement":[{"@type":"ListItem","position":1,"name":"Home","item":"https:\/\/culturalpr.com\/notas\/"},{"@type":"ListItem","position":2,"name":"ICP celebra el D\u00eda Internacional de los Museos"}]},{"@type":"WebSite","@id":"https:\/\/culturalpr.com\/notas\/#website","url":"https:\/\/culturalpr.com\/notas\/","name":"CulturalPR - Noticias","description":"Puerto Rico","publisher":{"@id":"https:\/\/culturalpr.com\/notas\/#organization"},"potentialAction":[{"@type":"SearchAction","target":{"@type":"EntryPoint","urlTemplate":"https:\/\/culturalpr.com\/notas\/?s={search_term_string}"},"query-input":{"@type":"PropertyValueSpecification","valueRequired":true,"valueName":"search_term_string"}}],"inLanguage":"es"},{"@type":"Organization","@id":"https:\/\/culturalpr.com\/notas\/#organization","name":"CulturalPR - Noticias","url":"https:\/\/culturalpr.com\/notas\/","logo":{"@type":"ImageObject","inLanguage":"es","@id":"https:\/\/culturalpr.com\/notas\/#\/schema\/logo\/image\/","url":"https:\/\/culturalpr.com\/notas\/wp-content\/uploads\/2024\/03\/Untitled-design.png","contentUrl":"https:\/\/culturalpr.com\/notas\/wp-content\/uploads\/2024\/03\/Untitled-design.png","width":940,"height":788,"caption":"CulturalPR - Noticias"},"image":{"@id":"https:\/\/culturalpr.com\/notas\/#\/schema\/logo\/image\/"},"sameAs":["https:\/\/www.facebook.com\/culturalpr","https:\/\/x.com\/PasalaCultural","https:\/\/www.instagram.com\/culturalpr\/"]},{"@type":"Person","@id":"https:\/\/culturalpr.com\/notas\/#\/schema\/person\/fcbcffce6aa09e518334849b38486e54","name":"Rosalba Medina","image":{"@type":"ImageObject","inLanguage":"es","@id":"https:\/\/secure.gravatar.com\/avatar\/2803a8602f74f9b5a53ce7e64cbade1dd09ac45aab49c75e6b85bdd91dc93b21?s=96&d=mm&r=g","url":"https:\/\/secure.gravatar.com\/avatar\/2803a8602f74f9b5a53ce7e64cbade1dd09ac45aab49c75e6b85bdd91dc93b21?s=96&d=mm&r=g","contentUrl":"https:\/\/secure.gravatar.com\/avatar\/2803a8602f74f9b5a53ce7e64cbade1dd09ac45aab49c75e6b85bdd91dc93b21?s=96&d=mm&r=g","caption":"Rosalba Medina"},"url":"https:\/\/culturalpr.com\/notas\/author\/rosalba\/"}]}},"views":690,"_links":{"self":[{"href":"https:\/\/culturalpr.com\/notas\/wp-json\/wp\/v2\/posts\/5928","targetHints":{"allow":["GET"]}}],"collection":[{"href":"https:\/\/culturalpr.com\/notas\/wp-json\/wp\/v2\/posts"}],"about":[{"href":"https:\/\/culturalpr.com\/notas\/wp-json\/wp\/v2\/types\/post"}],"author":[{"embeddable":true,"href":"https:\/\/culturalpr.com\/notas\/wp-json\/wp\/v2\/users\/990002"}],"replies":[{"embeddable":true,"href":"https:\/\/culturalpr.com\/notas\/wp-json\/wp\/v2\/comments?post=5928"}],"version-history":[{"count":2,"href":"https:\/\/culturalpr.com\/notas\/wp-json\/wp\/v2\/posts\/5928\/revisions"}],"predecessor-version":[{"id":5931,"href":"https:\/\/culturalpr.com\/notas\/wp-json\/wp\/v2\/posts\/5928\/revisions\/5931"}],"wp:featuredmedia":[{"embeddable":true,"href":"https:\/\/culturalpr.com\/notas\/wp-json\/wp\/v2\/media\/5246"}],"wp:attachment":[{"href":"https:\/\/culturalpr.com\/notas\/wp-json\/wp\/v2\/media?parent=5928"}],"wp:term":[{"taxonomy":"category","embeddable":true,"href":"https:\/\/culturalpr.com\/notas\/wp-json\/wp\/v2\/categories?post=5928"},{"taxonomy":"post_tag","embeddable":true,"href":"https:\/\/culturalpr.com\/notas\/wp-json\/wp\/v2\/tags?post=5928"}],"curies":[{"name":"wp","href":"https:\/\/api.w.org\/{rel}","templated":true}]}}