{"id":5962,"date":"2025-05-22T14:04:49","date_gmt":"2025-05-22T18:04:49","guid":{"rendered":"https:\/\/culturalpr.com\/notas\/?p=5962"},"modified":"2025-05-22T14:04:49","modified_gmt":"2025-05-22T18:04:49","slug":"instituto-de-cultura-puertorriquena-realizara-concierto-gratuito-para-celebrar-la-53ra-semana-de-la-danza-puertorriquena","status":"publish","type":"post","link":"https:\/\/culturalpr.com\/notas\/instituto-de-cultura-puertorriquena-realizara-concierto-gratuito-para-celebrar-la-53ra-semana-de-la-danza-puertorriquena\/","title":{"rendered":"Instituto de Cultura Puertorrique\u00f1a realizar\u00e1 concierto gratuito para celebrar la 53ra Semana de la Danza Puertorrique\u00f1a"},"content":{"rendered":"<h6>Se interpretar\u00e1n las piezas ganadoras del Concurso de Composici\u00f3n de Danza para Guitarra Cl\u00e1sica<\/h6>\n<p>&nbsp;<\/p>\n<p>A tono con la celebraci\u00f3n de la 53ra Semana de la Danza Puertorrique\u00f1a, el Instituto de Cultura Puertorrique\u00f1a (ICP) anunci\u00f3 que llevar\u00e1 a cabo un concierto gratuito y la premiaci\u00f3n del Concurso de Composici\u00f3n de Danza Puertorrique\u00f1a Tradicional para Guitarra Cl\u00e1sica este domingo, 25 de mayo, a las 4:00 p. m., en el Teatro Francisco Arriv\u00ed en Santurce.<\/p>\n<p><img fetchpriority=\"high\" decoding=\"async\" class=\"alignleft size-medium wp-image-5963\" src=\"https:\/\/culturalpr.com\/notas\/wp-content\/uploads\/2025\/05\/Concierto-y-Premiacion-obras-ganadoras-Semana-de-la-Danza-Puertorriquena-2025-Copy-240x300.jpg\" alt=\"\" width=\"240\" height=\"300\" srcset=\"https:\/\/culturalpr.com\/notas\/wp-content\/uploads\/2025\/05\/Concierto-y-Premiacion-obras-ganadoras-Semana-de-la-Danza-Puertorriquena-2025-Copy-240x300.jpg 240w, https:\/\/culturalpr.com\/notas\/wp-content\/uploads\/2025\/05\/Concierto-y-Premiacion-obras-ganadoras-Semana-de-la-Danza-Puertorriquena-2025-Copy-820x1024.jpg 820w, https:\/\/culturalpr.com\/notas\/wp-content\/uploads\/2025\/05\/Concierto-y-Premiacion-obras-ganadoras-Semana-de-la-Danza-Puertorriquena-2025-Copy-768x959.jpg 768w, https:\/\/culturalpr.com\/notas\/wp-content\/uploads\/2025\/05\/Concierto-y-Premiacion-obras-ganadoras-Semana-de-la-Danza-Puertorriquena-2025-Copy-1229x1536.jpg 1229w, https:\/\/culturalpr.com\/notas\/wp-content\/uploads\/2025\/05\/Concierto-y-Premiacion-obras-ganadoras-Semana-de-la-Danza-Puertorriquena-2025-Copy-370x462.jpg 370w, https:\/\/culturalpr.com\/notas\/wp-content\/uploads\/2025\/05\/Concierto-y-Premiacion-obras-ganadoras-Semana-de-la-Danza-Puertorriquena-2025-Copy-760x949.jpg 760w, https:\/\/culturalpr.com\/notas\/wp-content\/uploads\/2025\/05\/Concierto-y-Premiacion-obras-ganadoras-Semana-de-la-Danza-Puertorriquena-2025-Copy.jpg 1440w\" sizes=\"(max-width: 240px) 100vw, 240px\" \/>Durante el concierto se presentar\u00e1n las tres obras ganadoras y se realizar\u00e1 la entrega oficial de premios. Las piezas ser\u00e1n interpretadas por el guitarrista y compositor Hermelindo Ruiz Mestre. Adem\u00e1s, el maestro Luciano Qui\u00f1ones interpretar\u00e1 selecciones al piano, el D\u00fao Copla presentar\u00e1 obras para dos guitarras, y se contar\u00e1 con una intervenci\u00f3n especial de un reconocido cantante como sorpresa para los asistentes.<\/p>\n<p>Como parte de los reconocimientos del Concurso de Composici\u00f3n de Danza Puertorrique\u00f1a Tradicional para Guitarra Cl\u00e1sica, el primer premio Leonardo Eg\u00farbida otorgar\u00e1 la suma de $1,000; el segundo premio, $500; y el tercer premio, $300.<\/p>\n<p>El ICP celebra anualmente la Semana de la Danza Puertorrique\u00f1a con el prop\u00f3sito de fomentar este g\u00e9nero musical y abrir espacio a nuevos talentos, las bellas artes y las expresiones culturales que enriquecen nuestra identidad y acervo musical.<\/p>\n<p>El Dr. Hermelindo Ruiz es egresado del Conservatorio de M\u00fasica de Puerto Rico, el Conservatorio de M\u00fasica de Sevilla, la Universidad de Yale y la Universidad de Kentucky. Este virtuoso int\u00e9rprete se ha presentado en 21 pa\u00edses alrededor del mundo.<\/p>\n<p>La Semana de la Danza Puertorrique\u00f1a se celebra en cumplimiento de la Ley N\u00fam. 20 del 26 de abril de 1972, que establece que el ICP convocar\u00e1 un concurso de composici\u00f3n de danzas puertorrique\u00f1as para piano e instrumentaci\u00f3n variada, en conmemoraci\u00f3n del natalicio de Juan Morel Campos. Este certamen contin\u00faa siendo un espacio para la creatividad y el desarrollo musical en Puerto Rico.<\/p>\n<p>Para m\u00e1s informaci\u00f3n sobre esta y otras actividades, puede seguir las redes sociales del ICP.<\/p>\n<p><img decoding=\"async\" class=\"alignleft size-medium wp-image-5967\" src=\"https:\/\/culturalpr.com\/notas\/wp-content\/uploads\/2025\/05\/Hermelindo_Ruiz-250x300.jpg\" alt=\"\" width=\"250\" height=\"300\" srcset=\"https:\/\/culturalpr.com\/notas\/wp-content\/uploads\/2025\/05\/Hermelindo_Ruiz-250x300.jpg 250w, https:\/\/culturalpr.com\/notas\/wp-content\/uploads\/2025\/05\/Hermelindo_Ruiz-854x1024.jpg 854w, https:\/\/culturalpr.com\/notas\/wp-content\/uploads\/2025\/05\/Hermelindo_Ruiz-768x920.jpg 768w, https:\/\/culturalpr.com\/notas\/wp-content\/uploads\/2025\/05\/Hermelindo_Ruiz-370x443.jpg 370w, https:\/\/culturalpr.com\/notas\/wp-content\/uploads\/2025\/05\/Hermelindo_Ruiz-760x911.jpg 760w, https:\/\/culturalpr.com\/notas\/wp-content\/uploads\/2025\/05\/Hermelindo_Ruiz.jpg 1068w\" sizes=\"(max-width: 250px) 100vw, 250px\" \/> <img decoding=\"async\" class=\"alignleft size-medium wp-image-5968\" src=\"https:\/\/culturalpr.com\/notas\/wp-content\/uploads\/2025\/05\/Luciano_Quinones-300x298.jpg\" alt=\"\" width=\"300\" height=\"298\" srcset=\"https:\/\/culturalpr.com\/notas\/wp-content\/uploads\/2025\/05\/Luciano_Quinones-300x298.jpg 300w, https:\/\/culturalpr.com\/notas\/wp-content\/uploads\/2025\/05\/Luciano_Quinones-1024x1017.jpg 1024w, https:\/\/culturalpr.com\/notas\/wp-content\/uploads\/2025\/05\/Luciano_Quinones-150x150.jpg 150w, https:\/\/culturalpr.com\/notas\/wp-content\/uploads\/2025\/05\/Luciano_Quinones-768x763.jpg 768w, https:\/\/culturalpr.com\/notas\/wp-content\/uploads\/2025\/05\/Luciano_Quinones-1536x1526.jpg 1536w, https:\/\/culturalpr.com\/notas\/wp-content\/uploads\/2025\/05\/Luciano_Quinones-370x368.jpg 370w, https:\/\/culturalpr.com\/notas\/wp-content\/uploads\/2025\/05\/Luciano_Quinones-95x95.jpg 95w, https:\/\/culturalpr.com\/notas\/wp-content\/uploads\/2025\/05\/Luciano_Quinones-760x755.jpg 760w, https:\/\/culturalpr.com\/notas\/wp-content\/uploads\/2025\/05\/Luciano_Quinones.jpg 1844w\" sizes=\"(max-width: 300px) 100vw, 300px\" \/><\/p>\n","protected":false},"excerpt":{"rendered":"<p>Se interpretar\u00e1n las piezas ganadoras del Concurso de Composici\u00f3n de Danza para Guitarra Cl\u00e1sica &nbsp; A tono con la celebraci\u00f3n de la 53ra Semana de la Danza Puertorrique\u00f1a, el Instituto de Cultura Puertorrique\u00f1a (ICP) anunci\u00f3 que llevar\u00e1 a cabo un concierto gratuito&hellip;<\/p>\n","protected":false},"author":990002,"featured_media":5964,"comment_status":"open","ping_status":"open","sticky":false,"template":"","format":"standard","meta":{"nf_dc_page":"","footnotes":""},"categories":[54,186],"tags":[],"class_list":["post-5962","post","type-post","status-publish","format-standard","has-post-thumbnail","hentry","category-destacados","category-musica"],"yoast_head":"<!-- This site is optimized with the Yoast SEO plugin v27.5 - https:\/\/yoast.com\/product\/yoast-seo-wordpress\/ -->\n<title>Instituto de Cultura Puertorrique\u00f1a realizar\u00e1 concierto gratuito para celebrar la 53ra Semana de la Danza Puertorrique\u00f1a - CulturalPR - Noticias<\/title>\n<meta name=\"robots\" content=\"index, follow, max-snippet:-1, max-image-preview:large, max-video-preview:-1\" \/>\n<link rel=\"canonical\" href=\"https:\/\/culturalpr.com\/notas\/instituto-de-cultura-puertorriquena-realizara-concierto-gratuito-para-celebrar-la-53ra-semana-de-la-danza-puertorriquena\/\" \/>\n<meta property=\"og:locale\" content=\"es_ES\" \/>\n<meta property=\"og:type\" content=\"article\" \/>\n<meta property=\"og:title\" content=\"Instituto de Cultura Puertorrique\u00f1a realizar\u00e1 concierto gratuito para celebrar la 53ra Semana de la Danza Puertorrique\u00f1a - CulturalPR - Noticias\" \/>\n<meta property=\"og:description\" content=\"Se interpretar\u00e1n las piezas ganadoras del Concurso de Composici\u00f3n de Danza para Guitarra Cl\u00e1sica &nbsp; A tono con la celebraci\u00f3n de la 53ra Semana de la Danza Puertorrique\u00f1a, el Instituto de Cultura Puertorrique\u00f1a (ICP) anunci\u00f3 que llevar\u00e1 a cabo un concierto gratuito&hellip;\" \/>\n<meta property=\"og:url\" content=\"https:\/\/culturalpr.com\/notas\/instituto-de-cultura-puertorriquena-realizara-concierto-gratuito-para-celebrar-la-53ra-semana-de-la-danza-puertorriquena\/\" \/>\n<meta property=\"og:site_name\" content=\"CulturalPR - Noticias\" \/>\n<meta property=\"article:publisher\" content=\"https:\/\/www.facebook.com\/culturalpr\" \/>\n<meta property=\"article:published_time\" content=\"2025-05-22T18:04:49+00:00\" \/>\n<meta property=\"og:image\" content=\"https:\/\/culturalpr.com\/notas\/wp-content\/uploads\/2025\/05\/IMG-Danza-PR-1024x576.png\" \/>\n\t<meta property=\"og:image:width\" content=\"1024\" \/>\n\t<meta property=\"og:image:height\" content=\"576\" \/>\n\t<meta property=\"og:image:type\" content=\"image\/png\" \/>\n<meta name=\"author\" content=\"Rosalba Medina\" \/>\n<meta name=\"twitter:card\" content=\"summary_large_image\" \/>\n<meta name=\"twitter:creator\" content=\"@PasalaCultural\" \/>\n<meta name=\"twitter:site\" content=\"@PasalaCultural\" \/>\n<meta name=\"twitter:label1\" content=\"Escrito por\" \/>\n\t<meta name=\"twitter:data1\" content=\"Rosalba Medina\" \/>\n\t<meta name=\"twitter:label2\" content=\"Tiempo de lectura\" \/>\n\t<meta name=\"twitter:data2\" content=\"3 minutos\" \/>\n<script type=\"application\/ld+json\" class=\"yoast-schema-graph\">{\"@context\":\"https:\\\/\\\/schema.org\",\"@graph\":[{\"@type\":\"Article\",\"@id\":\"https:\\\/\\\/culturalpr.com\\\/notas\\\/instituto-de-cultura-puertorriquena-realizara-concierto-gratuito-para-celebrar-la-53ra-semana-de-la-danza-puertorriquena\\\/#article\",\"isPartOf\":{\"@id\":\"https:\\\/\\\/culturalpr.com\\\/notas\\\/instituto-de-cultura-puertorriquena-realizara-concierto-gratuito-para-celebrar-la-53ra-semana-de-la-danza-puertorriquena\\\/\"},\"author\":{\"name\":\"Rosalba Medina\",\"@id\":\"https:\\\/\\\/culturalpr.com\\\/notas\\\/#\\\/schema\\\/person\\\/fcbcffce6aa09e518334849b38486e54\"},\"headline\":\"Instituto de Cultura Puertorrique\u00f1a realizar\u00e1 concierto gratuito para celebrar la 53ra Semana de la Danza Puertorrique\u00f1a\",\"datePublished\":\"2025-05-22T18:04:49+00:00\",\"mainEntityOfPage\":{\"@id\":\"https:\\\/\\\/culturalpr.com\\\/notas\\\/instituto-de-cultura-puertorriquena-realizara-concierto-gratuito-para-celebrar-la-53ra-semana-de-la-danza-puertorriquena\\\/\"},\"wordCount\":371,\"commentCount\":0,\"publisher\":{\"@id\":\"https:\\\/\\\/culturalpr.com\\\/notas\\\/#organization\"},\"image\":{\"@id\":\"https:\\\/\\\/culturalpr.com\\\/notas\\\/instituto-de-cultura-puertorriquena-realizara-concierto-gratuito-para-celebrar-la-53ra-semana-de-la-danza-puertorriquena\\\/#primaryimage\"},\"thumbnailUrl\":\"https:\\\/\\\/culturalpr.com\\\/notas\\\/wp-content\\\/uploads\\\/2025\\\/05\\\/IMG-Danza-PR.png\",\"articleSection\":[\"DESTACADOS\",\"M\u00daSICA\"],\"inLanguage\":\"es\",\"potentialAction\":[{\"@type\":\"CommentAction\",\"name\":\"Comment\",\"target\":[\"https:\\\/\\\/culturalpr.com\\\/notas\\\/instituto-de-cultura-puertorriquena-realizara-concierto-gratuito-para-celebrar-la-53ra-semana-de-la-danza-puertorriquena\\\/#respond\"]}]},{\"@type\":\"WebPage\",\"@id\":\"https:\\\/\\\/culturalpr.com\\\/notas\\\/instituto-de-cultura-puertorriquena-realizara-concierto-gratuito-para-celebrar-la-53ra-semana-de-la-danza-puertorriquena\\\/\",\"url\":\"https:\\\/\\\/culturalpr.com\\\/notas\\\/instituto-de-cultura-puertorriquena-realizara-concierto-gratuito-para-celebrar-la-53ra-semana-de-la-danza-puertorriquena\\\/\",\"name\":\"Instituto de Cultura Puertorrique\u00f1a realizar\u00e1 concierto gratuito para celebrar la 53ra Semana de la Danza Puertorrique\u00f1a - CulturalPR - Noticias\",\"isPartOf\":{\"@id\":\"https:\\\/\\\/culturalpr.com\\\/notas\\\/#website\"},\"primaryImageOfPage\":{\"@id\":\"https:\\\/\\\/culturalpr.com\\\/notas\\\/instituto-de-cultura-puertorriquena-realizara-concierto-gratuito-para-celebrar-la-53ra-semana-de-la-danza-puertorriquena\\\/#primaryimage\"},\"image\":{\"@id\":\"https:\\\/\\\/culturalpr.com\\\/notas\\\/instituto-de-cultura-puertorriquena-realizara-concierto-gratuito-para-celebrar-la-53ra-semana-de-la-danza-puertorriquena\\\/#primaryimage\"},\"thumbnailUrl\":\"https:\\\/\\\/culturalpr.com\\\/notas\\\/wp-content\\\/uploads\\\/2025\\\/05\\\/IMG-Danza-PR.png\",\"datePublished\":\"2025-05-22T18:04:49+00:00\",\"breadcrumb\":{\"@id\":\"https:\\\/\\\/culturalpr.com\\\/notas\\\/instituto-de-cultura-puertorriquena-realizara-concierto-gratuito-para-celebrar-la-53ra-semana-de-la-danza-puertorriquena\\\/#breadcrumb\"},\"inLanguage\":\"es\",\"potentialAction\":[{\"@type\":\"ReadAction\",\"target\":[\"https:\\\/\\\/culturalpr.com\\\/notas\\\/instituto-de-cultura-puertorriquena-realizara-concierto-gratuito-para-celebrar-la-53ra-semana-de-la-danza-puertorriquena\\\/\"]}]},{\"@type\":\"ImageObject\",\"inLanguage\":\"es\",\"@id\":\"https:\\\/\\\/culturalpr.com\\\/notas\\\/instituto-de-cultura-puertorriquena-realizara-concierto-gratuito-para-celebrar-la-53ra-semana-de-la-danza-puertorriquena\\\/#primaryimage\",\"url\":\"https:\\\/\\\/culturalpr.com\\\/notas\\\/wp-content\\\/uploads\\\/2025\\\/05\\\/IMG-Danza-PR.png\",\"contentUrl\":\"https:\\\/\\\/culturalpr.com\\\/notas\\\/wp-content\\\/uploads\\\/2025\\\/05\\\/IMG-Danza-PR.png\",\"width\":1920,\"height\":1080},{\"@type\":\"BreadcrumbList\",\"@id\":\"https:\\\/\\\/culturalpr.com\\\/notas\\\/instituto-de-cultura-puertorriquena-realizara-concierto-gratuito-para-celebrar-la-53ra-semana-de-la-danza-puertorriquena\\\/#breadcrumb\",\"itemListElement\":[{\"@type\":\"ListItem\",\"position\":1,\"name\":\"Home\",\"item\":\"https:\\\/\\\/culturalpr.com\\\/notas\\\/\"},{\"@type\":\"ListItem\",\"position\":2,\"name\":\"Instituto de Cultura Puertorrique\u00f1a realizar\u00e1 concierto gratuito para celebrar la 53ra Semana de la Danza Puertorrique\u00f1a\"}]},{\"@type\":\"WebSite\",\"@id\":\"https:\\\/\\\/culturalpr.com\\\/notas\\\/#website\",\"url\":\"https:\\\/\\\/culturalpr.com\\\/notas\\\/\",\"name\":\"CulturalPR - Noticias\",\"description\":\"Puerto Rico\",\"publisher\":{\"@id\":\"https:\\\/\\\/culturalpr.com\\\/notas\\\/#organization\"},\"potentialAction\":[{\"@type\":\"SearchAction\",\"target\":{\"@type\":\"EntryPoint\",\"urlTemplate\":\"https:\\\/\\\/culturalpr.com\\\/notas\\\/?s={search_term_string}\"},\"query-input\":{\"@type\":\"PropertyValueSpecification\",\"valueRequired\":true,\"valueName\":\"search_term_string\"}}],\"inLanguage\":\"es\"},{\"@type\":\"Organization\",\"@id\":\"https:\\\/\\\/culturalpr.com\\\/notas\\\/#organization\",\"name\":\"CulturalPR - Noticias\",\"url\":\"https:\\\/\\\/culturalpr.com\\\/notas\\\/\",\"logo\":{\"@type\":\"ImageObject\",\"inLanguage\":\"es\",\"@id\":\"https:\\\/\\\/culturalpr.com\\\/notas\\\/#\\\/schema\\\/logo\\\/image\\\/\",\"url\":\"https:\\\/\\\/culturalpr.com\\\/notas\\\/wp-content\\\/uploads\\\/2024\\\/03\\\/Untitled-design.png\",\"contentUrl\":\"https:\\\/\\\/culturalpr.com\\\/notas\\\/wp-content\\\/uploads\\\/2024\\\/03\\\/Untitled-design.png\",\"width\":940,\"height\":788,\"caption\":\"CulturalPR - Noticias\"},\"image\":{\"@id\":\"https:\\\/\\\/culturalpr.com\\\/notas\\\/#\\\/schema\\\/logo\\\/image\\\/\"},\"sameAs\":[\"https:\\\/\\\/www.facebook.com\\\/culturalpr\",\"https:\\\/\\\/x.com\\\/PasalaCultural\",\"https:\\\/\\\/www.instagram.com\\\/culturalpr\\\/\"]},{\"@type\":\"Person\",\"@id\":\"https:\\\/\\\/culturalpr.com\\\/notas\\\/#\\\/schema\\\/person\\\/fcbcffce6aa09e518334849b38486e54\",\"name\":\"Rosalba Medina\",\"image\":{\"@type\":\"ImageObject\",\"inLanguage\":\"es\",\"@id\":\"https:\\\/\\\/secure.gravatar.com\\\/avatar\\\/2803a8602f74f9b5a53ce7e64cbade1dd09ac45aab49c75e6b85bdd91dc93b21?s=96&d=mm&r=g\",\"url\":\"https:\\\/\\\/secure.gravatar.com\\\/avatar\\\/2803a8602f74f9b5a53ce7e64cbade1dd09ac45aab49c75e6b85bdd91dc93b21?s=96&d=mm&r=g\",\"contentUrl\":\"https:\\\/\\\/secure.gravatar.com\\\/avatar\\\/2803a8602f74f9b5a53ce7e64cbade1dd09ac45aab49c75e6b85bdd91dc93b21?s=96&d=mm&r=g\",\"caption\":\"Rosalba Medina\"},\"url\":\"https:\\\/\\\/culturalpr.com\\\/notas\\\/author\\\/rosalba\\\/\"}]}<\/script>\n<!-- \/ Yoast SEO plugin. -->","yoast_head_json":{"title":"Instituto de Cultura Puertorrique\u00f1a realizar\u00e1 concierto gratuito para celebrar la 53ra Semana de la Danza Puertorrique\u00f1a - CulturalPR - Noticias","robots":{"index":"index","follow":"follow","max-snippet":"max-snippet:-1","max-image-preview":"max-image-preview:large","max-video-preview":"max-video-preview:-1"},"canonical":"https:\/\/culturalpr.com\/notas\/instituto-de-cultura-puertorriquena-realizara-concierto-gratuito-para-celebrar-la-53ra-semana-de-la-danza-puertorriquena\/","og_locale":"es_ES","og_type":"article","og_title":"Instituto de Cultura Puertorrique\u00f1a realizar\u00e1 concierto gratuito para celebrar la 53ra Semana de la Danza Puertorrique\u00f1a - CulturalPR - Noticias","og_description":"Se interpretar\u00e1n las piezas ganadoras del Concurso de Composici\u00f3n de Danza para Guitarra Cl\u00e1sica &nbsp; A tono con la celebraci\u00f3n de la 53ra Semana de la Danza Puertorrique\u00f1a, el Instituto de Cultura Puertorrique\u00f1a (ICP) anunci\u00f3 que llevar\u00e1 a cabo un concierto gratuito&hellip;","og_url":"https:\/\/culturalpr.com\/notas\/instituto-de-cultura-puertorriquena-realizara-concierto-gratuito-para-celebrar-la-53ra-semana-de-la-danza-puertorriquena\/","og_site_name":"CulturalPR - Noticias","article_publisher":"https:\/\/www.facebook.com\/culturalpr","article_published_time":"2025-05-22T18:04:49+00:00","og_image":[{"width":1024,"height":576,"url":"https:\/\/culturalpr.com\/notas\/wp-content\/uploads\/2025\/05\/IMG-Danza-PR-1024x576.png","type":"image\/png"}],"author":"Rosalba Medina","twitter_card":"summary_large_image","twitter_creator":"@PasalaCultural","twitter_site":"@PasalaCultural","twitter_misc":{"Escrito por":"Rosalba Medina","Tiempo de lectura":"3 minutos"},"schema":{"@context":"https:\/\/schema.org","@graph":[{"@type":"Article","@id":"https:\/\/culturalpr.com\/notas\/instituto-de-cultura-puertorriquena-realizara-concierto-gratuito-para-celebrar-la-53ra-semana-de-la-danza-puertorriquena\/#article","isPartOf":{"@id":"https:\/\/culturalpr.com\/notas\/instituto-de-cultura-puertorriquena-realizara-concierto-gratuito-para-celebrar-la-53ra-semana-de-la-danza-puertorriquena\/"},"author":{"name":"Rosalba Medina","@id":"https:\/\/culturalpr.com\/notas\/#\/schema\/person\/fcbcffce6aa09e518334849b38486e54"},"headline":"Instituto de Cultura Puertorrique\u00f1a realizar\u00e1 concierto gratuito para celebrar la 53ra Semana de la Danza Puertorrique\u00f1a","datePublished":"2025-05-22T18:04:49+00:00","mainEntityOfPage":{"@id":"https:\/\/culturalpr.com\/notas\/instituto-de-cultura-puertorriquena-realizara-concierto-gratuito-para-celebrar-la-53ra-semana-de-la-danza-puertorriquena\/"},"wordCount":371,"commentCount":0,"publisher":{"@id":"https:\/\/culturalpr.com\/notas\/#organization"},"image":{"@id":"https:\/\/culturalpr.com\/notas\/instituto-de-cultura-puertorriquena-realizara-concierto-gratuito-para-celebrar-la-53ra-semana-de-la-danza-puertorriquena\/#primaryimage"},"thumbnailUrl":"https:\/\/culturalpr.com\/notas\/wp-content\/uploads\/2025\/05\/IMG-Danza-PR.png","articleSection":["DESTACADOS","M\u00daSICA"],"inLanguage":"es","potentialAction":[{"@type":"CommentAction","name":"Comment","target":["https:\/\/culturalpr.com\/notas\/instituto-de-cultura-puertorriquena-realizara-concierto-gratuito-para-celebrar-la-53ra-semana-de-la-danza-puertorriquena\/#respond"]}]},{"@type":"WebPage","@id":"https:\/\/culturalpr.com\/notas\/instituto-de-cultura-puertorriquena-realizara-concierto-gratuito-para-celebrar-la-53ra-semana-de-la-danza-puertorriquena\/","url":"https:\/\/culturalpr.com\/notas\/instituto-de-cultura-puertorriquena-realizara-concierto-gratuito-para-celebrar-la-53ra-semana-de-la-danza-puertorriquena\/","name":"Instituto de Cultura Puertorrique\u00f1a realizar\u00e1 concierto gratuito para celebrar la 53ra Semana de la Danza Puertorrique\u00f1a - CulturalPR - Noticias","isPartOf":{"@id":"https:\/\/culturalpr.com\/notas\/#website"},"primaryImageOfPage":{"@id":"https:\/\/culturalpr.com\/notas\/instituto-de-cultura-puertorriquena-realizara-concierto-gratuito-para-celebrar-la-53ra-semana-de-la-danza-puertorriquena\/#primaryimage"},"image":{"@id":"https:\/\/culturalpr.com\/notas\/instituto-de-cultura-puertorriquena-realizara-concierto-gratuito-para-celebrar-la-53ra-semana-de-la-danza-puertorriquena\/#primaryimage"},"thumbnailUrl":"https:\/\/culturalpr.com\/notas\/wp-content\/uploads\/2025\/05\/IMG-Danza-PR.png","datePublished":"2025-05-22T18:04:49+00:00","breadcrumb":{"@id":"https:\/\/culturalpr.com\/notas\/instituto-de-cultura-puertorriquena-realizara-concierto-gratuito-para-celebrar-la-53ra-semana-de-la-danza-puertorriquena\/#breadcrumb"},"inLanguage":"es","potentialAction":[{"@type":"ReadAction","target":["https:\/\/culturalpr.com\/notas\/instituto-de-cultura-puertorriquena-realizara-concierto-gratuito-para-celebrar-la-53ra-semana-de-la-danza-puertorriquena\/"]}]},{"@type":"ImageObject","inLanguage":"es","@id":"https:\/\/culturalpr.com\/notas\/instituto-de-cultura-puertorriquena-realizara-concierto-gratuito-para-celebrar-la-53ra-semana-de-la-danza-puertorriquena\/#primaryimage","url":"https:\/\/culturalpr.com\/notas\/wp-content\/uploads\/2025\/05\/IMG-Danza-PR.png","contentUrl":"https:\/\/culturalpr.com\/notas\/wp-content\/uploads\/2025\/05\/IMG-Danza-PR.png","width":1920,"height":1080},{"@type":"BreadcrumbList","@id":"https:\/\/culturalpr.com\/notas\/instituto-de-cultura-puertorriquena-realizara-concierto-gratuito-para-celebrar-la-53ra-semana-de-la-danza-puertorriquena\/#breadcrumb","itemListElement":[{"@type":"ListItem","position":1,"name":"Home","item":"https:\/\/culturalpr.com\/notas\/"},{"@type":"ListItem","position":2,"name":"Instituto de Cultura Puertorrique\u00f1a realizar\u00e1 concierto gratuito para celebrar la 53ra Semana de la Danza Puertorrique\u00f1a"}]},{"@type":"WebSite","@id":"https:\/\/culturalpr.com\/notas\/#website","url":"https:\/\/culturalpr.com\/notas\/","name":"CulturalPR - Noticias","description":"Puerto Rico","publisher":{"@id":"https:\/\/culturalpr.com\/notas\/#organization"},"potentialAction":[{"@type":"SearchAction","target":{"@type":"EntryPoint","urlTemplate":"https:\/\/culturalpr.com\/notas\/?s={search_term_string}"},"query-input":{"@type":"PropertyValueSpecification","valueRequired":true,"valueName":"search_term_string"}}],"inLanguage":"es"},{"@type":"Organization","@id":"https:\/\/culturalpr.com\/notas\/#organization","name":"CulturalPR - Noticias","url":"https:\/\/culturalpr.com\/notas\/","logo":{"@type":"ImageObject","inLanguage":"es","@id":"https:\/\/culturalpr.com\/notas\/#\/schema\/logo\/image\/","url":"https:\/\/culturalpr.com\/notas\/wp-content\/uploads\/2024\/03\/Untitled-design.png","contentUrl":"https:\/\/culturalpr.com\/notas\/wp-content\/uploads\/2024\/03\/Untitled-design.png","width":940,"height":788,"caption":"CulturalPR - Noticias"},"image":{"@id":"https:\/\/culturalpr.com\/notas\/#\/schema\/logo\/image\/"},"sameAs":["https:\/\/www.facebook.com\/culturalpr","https:\/\/x.com\/PasalaCultural","https:\/\/www.instagram.com\/culturalpr\/"]},{"@type":"Person","@id":"https:\/\/culturalpr.com\/notas\/#\/schema\/person\/fcbcffce6aa09e518334849b38486e54","name":"Rosalba Medina","image":{"@type":"ImageObject","inLanguage":"es","@id":"https:\/\/secure.gravatar.com\/avatar\/2803a8602f74f9b5a53ce7e64cbade1dd09ac45aab49c75e6b85bdd91dc93b21?s=96&d=mm&r=g","url":"https:\/\/secure.gravatar.com\/avatar\/2803a8602f74f9b5a53ce7e64cbade1dd09ac45aab49c75e6b85bdd91dc93b21?s=96&d=mm&r=g","contentUrl":"https:\/\/secure.gravatar.com\/avatar\/2803a8602f74f9b5a53ce7e64cbade1dd09ac45aab49c75e6b85bdd91dc93b21?s=96&d=mm&r=g","caption":"Rosalba Medina"},"url":"https:\/\/culturalpr.com\/notas\/author\/rosalba\/"}]}},"views":1144,"_links":{"self":[{"href":"https:\/\/culturalpr.com\/notas\/wp-json\/wp\/v2\/posts\/5962","targetHints":{"allow":["GET"]}}],"collection":[{"href":"https:\/\/culturalpr.com\/notas\/wp-json\/wp\/v2\/posts"}],"about":[{"href":"https:\/\/culturalpr.com\/notas\/wp-json\/wp\/v2\/types\/post"}],"author":[{"embeddable":true,"href":"https:\/\/culturalpr.com\/notas\/wp-json\/wp\/v2\/users\/990002"}],"replies":[{"embeddable":true,"href":"https:\/\/culturalpr.com\/notas\/wp-json\/wp\/v2\/comments?post=5962"}],"version-history":[{"count":3,"href":"https:\/\/culturalpr.com\/notas\/wp-json\/wp\/v2\/posts\/5962\/revisions"}],"predecessor-version":[{"id":5969,"href":"https:\/\/culturalpr.com\/notas\/wp-json\/wp\/v2\/posts\/5962\/revisions\/5969"}],"wp:featuredmedia":[{"embeddable":true,"href":"https:\/\/culturalpr.com\/notas\/wp-json\/wp\/v2\/media\/5964"}],"wp:attachment":[{"href":"https:\/\/culturalpr.com\/notas\/wp-json\/wp\/v2\/media?parent=5962"}],"wp:term":[{"taxonomy":"category","embeddable":true,"href":"https:\/\/culturalpr.com\/notas\/wp-json\/wp\/v2\/categories?post=5962"},{"taxonomy":"post_tag","embeddable":true,"href":"https:\/\/culturalpr.com\/notas\/wp-json\/wp\/v2\/tags?post=5962"}],"curies":[{"name":"wp","href":"https:\/\/api.w.org\/{rel}","templated":true}]}}